{"id":7850,"date":"2020-12-09T16:35:25","date_gmt":"2020-12-09T19:35:25","guid":{"rendered":"https:\/\/tvc16.com\/portal\/?p=7850"},"modified":"2020-12-09T16:35:28","modified_gmt":"2020-12-09T19:35:28","slug":"unicef-lanca-curso-gratuito-para-cuidados-com-as-criancas-em-relacao-a-covid-19","status":"publish","type":"post","link":"https:\/\/tvc16.com\/portal\/2020\/12\/09\/unicef-lanca-curso-gratuito-para-cuidados-com-as-criancas-em-relacao-a-covid-19\/","title":{"rendered":"Unicef lan\u00e7a curso gratuito para cuidados com as crian\u00e7as em rela\u00e7\u00e3o \u00e0 Covid-19"},"content":{"rendered":"\n<p>Material visa capacitar agentes comunit\u00e1rios de sa\u00fade, visitadores domiciliares e lideran\u00e7as comunit\u00e1rias<\/p>\n\n\n\n<p>Com o objetivo de fortalecer o trabalho de agentes comunit\u00e1rios de sa\u00fade, visitadores domiciliares e lideran\u00e7as comunit\u00e1rias, o Unicef lan\u00e7ou um curso gratuito chamado \u201cInf\u00e2ncias em tempos de Covid-19\u201d. O material traz orienta\u00e7\u00f5es e conhecimentos b\u00e1sicos sobre a pandemia e os seus efeitos secund\u00e1rios em crian\u00e7as menores de seis anos e suas fam\u00edlias.&nbsp;<\/p>\n\n\n\n<p><strong><a href=\"https:\/\/brasil61.com\/noticia\/cuidar-da-crianca-nos-primeiros-anos-de-vida-e-vital-afirma-especialista-do-unicef-sobre-primeira-infancia-ucef200053\">\u201cCuidar da crian\u00e7a nos primeiros anos de vida \u00e9 vital\u201d, afirma especialista do UNICEF sobre primeira inf\u00e2ncia<\/a><\/strong><br>&nbsp;<br>A capacita\u00e7\u00e3o abrange, tamb\u00e9m, temas como pr\u00e9-natal, amamenta\u00e7\u00e3o, imuniza\u00e7\u00e3o, sa\u00fade mental, entre outros assuntos importantes para o desenvolvimento infantil. O curso \u00e9 gratuito e tem dura\u00e7\u00e3o de quatro horas. Quem concluir o curso, ganha um certificado assinado pelo Unicef e pelo Iprede (Instituto da Primeira Inf\u00e2ncia). Para participar, \u00e9 necess\u00e1rio preencher um formul\u00e1rio e criar uma conta. A inscri\u00e7\u00e3o deve ser feita pelo link <a href=\"http:\/\/cursocovid19.unicef.iprede.org.br\">cursocovid19.unicef.iprede.org.br<\/a>.&nbsp;<\/p>\n\n\n\n<p>Fonte: <a href=\"https:\/\/brasil61.com\/noticias\/unicef-lanca-curso-gratuito-para-cuidados-com-as-criancas-em-relacao-a-covid-19-bras202948?email=bethdeoliveira@yahoo.com.br&amp;utm_source=newsletter&amp;utm_medium=newsletter&amp;utm_campaign=newsletter\" target=\"_blank\" rel=\"noreferrer noopener\">Brasil 61<\/a><\/p>\n","protected":false},"excerpt":{"rendered":"<p>Material visa capacitar agentes comunit\u00e1rios de sa\u00fade, visitadores domiciliares e lideran\u00e7as comunit\u00e1rias Com o objetivo<\/p>\n","protected":false},"author":2,"featured_media":7851,"comment_status":"open","ping_status":"open","sticky":false,"template":"","format":"standard","meta":{"footnotes":""},"categories":[13],"tags":[],"class_list":["post-7850","post","type-post","status-publish","format-standard","has-post-thumbnail","hentry","category-saude"],"_links":{"self":[{"href":"https:\/\/tvc16.com\/portal\/wp-json\/wp\/v2\/posts\/7850","targetHints":{"allow":["GET"]}}],"collection":[{"href":"https:\/\/tvc16.com\/portal\/wp-json\/wp\/v2\/posts"}],"about":[{"href":"https:\/\/tvc16.com\/portal\/wp-json\/wp\/v2\/types\/post"}],"author":[{"embeddable":true,"href":"https:\/\/tvc16.com\/portal\/wp-json\/wp\/v2\/users\/2"}],"replies":[{"embeddable":true,"href":"https:\/\/tvc16.com\/portal\/wp-json\/wp\/v2\/comments?post=7850"}],"version-history":[{"count":1,"href":"https:\/\/tvc16.com\/portal\/wp-json\/wp\/v2\/posts\/7850\/revisions"}],"predecessor-version":[{"id":7852,"href":"https:\/\/tvc16.com\/portal\/wp-json\/wp\/v2\/posts\/7850\/revisions\/7852"}],"wp:featuredmedia":[{"embeddable":true,"href":"https:\/\/tvc16.com\/portal\/wp-json\/wp\/v2\/media\/7851"}],"wp:attachment":[{"href":"https:\/\/tvc16.com\/portal\/wp-json\/wp\/v2\/media?parent=7850"}],"wp:term":[{"taxonomy":"category","embeddable":true,"href":"https:\/\/tvc16.com\/portal\/wp-json\/wp\/v2\/categories?post=7850"},{"taxonomy":"post_tag","embeddable":true,"href":"https:\/\/tvc16.com\/portal\/wp-json\/wp\/v2\/tags?post=7850"}],"curies":[{"name":"wp","href":"https:\/\/api.w.org\/{rel}","templated":true}]}}