{"id":7853,"date":"2020-12-09T16:38:24","date_gmt":"2020-12-09T19:38:24","guid":{"rendered":"https:\/\/tvc16.com\/portal\/?p=7853"},"modified":"2020-12-09T16:38:28","modified_gmt":"2020-12-09T19:38:28","slug":"ministro-da-saude-afirma-que-todas-as-vacinas-contra-a-covid-19-aprovadas-pela-anvisa-vao-poder-ser-adquiridas","status":"publish","type":"post","link":"https:\/\/tvc16.com\/portal\/2020\/12\/09\/ministro-da-saude-afirma-que-todas-as-vacinas-contra-a-covid-19-aprovadas-pela-anvisa-vao-poder-ser-adquiridas\/","title":{"rendered":"Ministro da Sa\u00fade afirma que todas as vacinas contra a Covid-19 aprovadas pela Anvisa v\u00e3o poder ser adquiridas"},"content":{"rendered":"\n<p>Declara\u00e7\u00e3o foi dada em reuni\u00e3o com governadores nesta ter\u00e7a (8); Pazuello afirmou, tamb\u00e9m, que \u201co SUS j\u00e1 tem capacidade de 300 milh\u00f5es de doses para 2021\u201d<\/p>\n\n\n\n<p>O ministro da Sa\u00fade, Eduardo Pazuello disse, nesta ter\u00e7a-feira (8), que todas as vacinas contra a Covid-19 que tiverem efic\u00e1cia e registro da Anvisa v\u00e3o ser adquiridas pelo Brasil. A declara\u00e7\u00e3o foi dada em reuni\u00e3o com governadores de todo o Pa\u00eds, cujo objetivo era fazer um balan\u00e7o sobre o enfrentamento \u00e0 pandemia do novo coronav\u00edrus.&nbsp;<br>&nbsp;<br>Pazuello lembrou que o Governo Federal j\u00e1 acordou a compra de 260 milh\u00f5es de doses e insumos para fabrica\u00e7\u00e3o do imunizante produzido pela Universidade de Oxford e pela farmac\u00eautica AstraZeneca e a entrada o cons\u00f3rcio Covax Facility, que garantiria mais 42 milh\u00f5es de doses.&nbsp;<\/p>\n\n\n\n<p><strong><a href=\"https:\/\/brasil61.com\/noticias\/governo-diz-que-vai-ajudar-municipios-na-vacinacao-contra-covid-19-bras202944\">Governo diz que vai ajudar munic\u00edpios na vacina\u00e7\u00e3o contra Covid-19<\/a><\/strong><\/p>\n\n\n\n<p><strong><a href=\"https:\/\/brasil61.com\/noticias\/covid-19-vacina-precisara-de-cuidados-durante-envio-a-estados-e-municipios-bras202647\">Covid-19: Vacina precisar\u00e1 de cuidados durante envio a Estados e Munic\u00edpios<\/a><\/strong><\/p>\n\n\n\n<p><strong><a href=\"https:\/\/brasil61.com\/noticias\/plano-de-imunizacao-contra-covid-19-acontecera-em-quatro-fases-bras202875\">Plano de Imuniza\u00e7\u00e3o contra Covid-19 acontecer\u00e1 em quatro fases<\/a><\/strong><br>&nbsp;<br>Segundo o ministro, o Minist\u00e9rio da Sa\u00fade j\u00e1 elaborou uma log\u00edstica de distribui\u00e7\u00e3o nacional das vacinas, que vai ser apresentada em breve. A campanha de vacina\u00e7\u00e3o no Brasil est\u00e1 programada para o primeiro trimestre de 2021 e vai ser dividida em quatro fases. A previs\u00e3o \u00e9 de que 15 milh\u00f5es de doses da vacina de Oxford\/AstraZeneca cheguem ao Brasil em janeiro.&nbsp;<\/p>\n\n\n\n<p>Fonte: <a href=\"https:\/\/brasil61.com\/noticias\/ministro-da-saude-afirma-que-todas-as-vacinas-contra-a-covid-19-aprovadas-pela-anvisa-vao-poder-ser-adquiridas-bras202946?email=bethdeoliveira@yahoo.com.br&amp;utm_source=newsletter&amp;utm_medium=newsletter&amp;utm_campaign=newsletter\" target=\"_blank\" rel=\"noreferrer noopener\">Brasil 61<\/a><\/p>\n","protected":false},"excerpt":{"rendered":"<p>Declara\u00e7\u00e3o foi dada em reuni\u00e3o com governadores nesta ter\u00e7a (8); Pazuello afirmou, tamb\u00e9m, que \u201co<\/p>\n","protected":false},"author":2,"featured_media":7854,"comment_status":"open","ping_status":"open","sticky":false,"template":"","format":"standard","meta":{"footnotes":""},"categories":[13],"tags":[],"class_list":["post-7853","post","type-post","status-publish","format-standard","has-post-thumbnail","hentry","category-saude"],"_links":{"self":[{"href":"https:\/\/tvc16.com\/portal\/wp-json\/wp\/v2\/posts\/7853","targetHints":{"allow":["GET"]}}],"collection":[{"href":"https:\/\/tvc16.com\/portal\/wp-json\/wp\/v2\/posts"}],"about":[{"href":"https:\/\/tvc16.com\/portal\/wp-json\/wp\/v2\/types\/post"}],"author":[{"embeddable":true,"href":"https:\/\/tvc16.com\/portal\/wp-json\/wp\/v2\/users\/2"}],"replies":[{"embeddable":true,"href":"https:\/\/tvc16.com\/portal\/wp-json\/wp\/v2\/comments?post=7853"}],"version-history":[{"count":1,"href":"https:\/\/tvc16.com\/portal\/wp-json\/wp\/v2\/posts\/7853\/revisions"}],"predecessor-version":[{"id":7855,"href":"https:\/\/tvc16.com\/portal\/wp-json\/wp\/v2\/posts\/7853\/revisions\/7855"}],"wp:featuredmedia":[{"embeddable":true,"href":"https:\/\/tvc16.com\/portal\/wp-json\/wp\/v2\/media\/7854"}],"wp:attachment":[{"href":"https:\/\/tvc16.com\/portal\/wp-json\/wp\/v2\/media?parent=7853"}],"wp:term":[{"taxonomy":"category","embeddable":true,"href":"https:\/\/tvc16.com\/portal\/wp-json\/wp\/v2\/categories?post=7853"},{"taxonomy":"post_tag","embeddable":true,"href":"https:\/\/tvc16.com\/portal\/wp-json\/wp\/v2\/tags?post=7853"}],"curies":[{"name":"wp","href":"https:\/\/api.w.org\/{rel}","templated":true}]}}