{"id":7856,"date":"2020-12-09T16:40:13","date_gmt":"2020-12-09T19:40:13","guid":{"rendered":"https:\/\/tvc16.com\/portal\/?p=7856"},"modified":"2020-12-09T16:40:16","modified_gmt":"2020-12-09T19:40:16","slug":"brasil-registra-notificacao-de-possivel-primeiro-caso-de-candida-auris","status":"publish","type":"post","link":"https:\/\/tvc16.com\/portal\/2020\/12\/09\/brasil-registra-notificacao-de-possivel-primeiro-caso-de-candida-auris\/","title":{"rendered":"Brasil registra notifica\u00e7\u00e3o de poss\u00edvel primeiro caso de Candida auris"},"content":{"rendered":"\n<p>Para acompanhar o caso e para prevenir a dissemina\u00e7\u00e3o de C. auris no Pa\u00eds, foi organizada uma for\u00e7a-tarefa nacional composta por representantes de \u00f3rg\u00e3os e institui\u00e7\u00f5es de Sa\u00fade<\/p>\n\n\n\n<p>A Ag\u00eancia Nacional de Vigil\u00e2ncia Sanit\u00e1ria <a href=\"https:\/\/www.gov.br\/anvisa\/pt-br\">(Anvisa)<\/a> foi notificada, nesta semana, do poss\u00edvel primeiro caso positivo de Candida auris (C. auris). A suspeita \u00e9 de um paciente internado em UTI adulto em hospital do estado da Bahia. Por esse motivo, houve a publica\u00e7\u00e3o de Alerta de Risco.<\/p>\n\n\n\n<p>O C. auris \u00e9 um fungo considerado uma grave amea\u00e7a \u00e0 sa\u00fade global. Ele foi identificado pela primeira vez como causador de doen\u00e7a em humanos em 2009, mais especificamente no Jap\u00e3o.<\/p>\n\n\n\n<p>Sobre o \u00faltimo caso suspeito identificado no Brasil, j\u00e1 est\u00e3o sendo feitos procedimentos para verificar o perfil de sensibilidade do fungo. O Laborat\u00f3rio Especial de Micologia da Escola Paulista de Medicina (Lemi\u2013Unifesp) ser\u00e1 respons\u00e1vel pelo sequenciamento gen\u00e9tico (padr\u00e3o-ouro) do microrganismo.<\/p>\n\n\n\n<p>Para acompanhar o caso e prevenir a dissemina\u00e7\u00e3o de C. auris no Pa\u00eds foi organizada uma for\u00e7a-tarefa nacional composta por representantes da Superintend\u00eancia de Vigil\u00e2ncia e Prote\u00e7\u00e3o da Sa\u00fade (Suvisa Bahia), da Coordena\u00e7\u00e3o Estadual de Controle de Infec\u00e7\u00e3o Hospitalar (CECIH Bahia), da Secretaria de Estado de Sa\u00fade da Bahia, Secretaria Municipal de Sa\u00fade de Salvador, representantes do Minist\u00e9rio da Sa\u00fade, entre outros. &nbsp;<\/p>\n\n\n\n<p>Fonte: <a href=\"https:\/\/brasil61.com\/noticias\/brasil-registra-notificacao-de-possivel-primeiro-caso-de-candida-auris-bras202954?email=bethdeoliveira@yahoo.com.br&amp;utm_source=newsletter&amp;utm_medium=newsletter&amp;utm_campaign=newsletter\" target=\"_blank\" rel=\"noreferrer noopener\">Brasil 61<\/a><\/p>\n","protected":false},"excerpt":{"rendered":"<p>Para acompanhar o caso e para prevenir a dissemina\u00e7\u00e3o de C. auris no Pa\u00eds, foi<\/p>\n","protected":false},"author":2,"featured_media":7857,"comment_status":"open","ping_status":"open","sticky":false,"template":"","format":"standard","meta":{"footnotes":""},"categories":[17],"tags":[],"class_list":["post-7856","post","type-post","status-publish","format-standard","has-post-thumbnail","hentry","category-outras-noticias"],"_links":{"self":[{"href":"https:\/\/tvc16.com\/portal\/wp-json\/wp\/v2\/posts\/7856","targetHints":{"allow":["GET"]}}],"collection":[{"href":"https:\/\/tvc16.com\/portal\/wp-json\/wp\/v2\/posts"}],"about":[{"href":"https:\/\/tvc16.com\/portal\/wp-json\/wp\/v2\/types\/post"}],"author":[{"embeddable":true,"href":"https:\/\/tvc16.com\/portal\/wp-json\/wp\/v2\/users\/2"}],"replies":[{"embeddable":true,"href":"https:\/\/tvc16.com\/portal\/wp-json\/wp\/v2\/comments?post=7856"}],"version-history":[{"count":1,"href":"https:\/\/tvc16.com\/portal\/wp-json\/wp\/v2\/posts\/7856\/revisions"}],"predecessor-version":[{"id":7858,"href":"https:\/\/tvc16.com\/portal\/wp-json\/wp\/v2\/posts\/7856\/revisions\/7858"}],"wp:featuredmedia":[{"embeddable":true,"href":"https:\/\/tvc16.com\/portal\/wp-json\/wp\/v2\/media\/7857"}],"wp:attachment":[{"href":"https:\/\/tvc16.com\/portal\/wp-json\/wp\/v2\/media?parent=7856"}],"wp:term":[{"taxonomy":"category","embeddable":true,"href":"https:\/\/tvc16.com\/portal\/wp-json\/wp\/v2\/categories?post=7856"},{"taxonomy":"post_tag","embeddable":true,"href":"https:\/\/tvc16.com\/portal\/wp-json\/wp\/v2\/tags?post=7856"}],"curies":[{"name":"wp","href":"https:\/\/api.w.org\/{rel}","templated":true}]}}