{"id":7859,"date":"2020-12-09T16:41:51","date_gmt":"2020-12-09T19:41:51","guid":{"rendered":"https:\/\/tvc16.com\/portal\/?p=7859"},"modified":"2020-12-09T16:42:14","modified_gmt":"2020-12-09T19:42:14","slug":"inicio-das-aulas-presenciais-nas-universidades-federais-passa-a-ser-no-dia-1o-de-marco-de-2021","status":"publish","type":"post","link":"https:\/\/tvc16.com\/portal\/2020\/12\/09\/inicio-das-aulas-presenciais-nas-universidades-federais-passa-a-ser-no-dia-1o-de-marco-de-2021\/","title":{"rendered":"In\u00edcio das aulas presenciais nas universidades federais passa a ser no dia 1\u00ba de mar\u00e7o de 2021"},"content":{"rendered":"\n<p>Para a retomada das aulas presenciais, a recomenda\u00e7\u00e3o \u00e9 de que as institui\u00e7\u00f5es de ensino observem os protocolos de biosseguran\u00e7a para o enfrentamento da pandemia do novo coronav\u00edrus<\/p>\n\n\n\n<p>O in\u00edcio das aulas presenciais nas institui\u00e7\u00f5es federais de ensino superior n\u00e3o ser\u00e1 mais no dia 4 de janeiro. Isso porque o Minist\u00e9rio da Educa\u00e7\u00e3o <a href=\"https:\/\/www.gov.br\/mec\/pt-br\">(MEC)<\/a> mudou a data do retorno, que passou a ser 1\u00ba de mar\u00e7o de 2021. A altera\u00e7\u00e3o consta em portaria publicada nesta semana, no Di\u00e1rio Oficial da Uni\u00e3o.<\/p>\n\n\n\n<p>Para a retomada das aulas presenciais, a recomenda\u00e7\u00e3o \u00e9 de que as institui\u00e7\u00f5es de ensino observem os protocolos de biosseguran\u00e7a para o enfrentamento da pandemia do novo coronav\u00edrus.<\/p>\n\n\n\n<p><a href=\"https:\/\/brasil61.com\/noticias\/emendas-parlamentares-individuais-a-educacao-crescem-132-neste-ano-bras202927\"><strong>Emendas parlamentares individuais \u00e0 Educa\u00e7\u00e3o crescem 132% neste ano<\/strong><\/a><\/p>\n\n\n\n<p><a href=\"https:\/\/brasil61.com\/noticias\/fnde-fara-repasses-extras-para-programa-nacional-de-alimentacao-escolar-bras202926\"><strong>FNDE far\u00e1 repasses extras para Programa Nacional de Alimenta\u00e7\u00e3o Escolar<\/strong><\/a><\/p>\n\n\n\n<p>Ainda de acordo com a portaria, &#8220;os recursos educacionais digitais, tecnologias de informa\u00e7\u00e3o e comunica\u00e7\u00e3o ou outros meios convencionais poder\u00e3o ser utilizados em car\u00e1ter excepcional, para integraliza\u00e7\u00e3o da carga hor\u00e1ria das atividades pedag\u00f3gicas&#8221;. A medida, segundo o MEC, ajuda a cumprir as recomenda\u00e7\u00f5es de enfrentamento \u00e0 Covid-19.<\/p>\n\n\n\n<p>Fonte: <a href=\"https:\/\/brasil61.com\/noticias\/inicio-das-aulas-presenciais-nas-universidades-federais-passa-a-ser-no-dia-1-de-marco-de-2021-bras202953?email=bethdeoliveira@yahoo.com.br&amp;utm_source=newsletter&amp;utm_medium=newsletter&amp;utm_campaign=newsletter\" target=\"_blank\" rel=\"noreferrer noopener\">Brasil 61<\/a><\/p>\n","protected":false},"excerpt":{"rendered":"<p>Para a retomada das aulas presenciais, a recomenda\u00e7\u00e3o \u00e9 de que as institui\u00e7\u00f5es de ensino<\/p>\n","protected":false},"author":2,"featured_media":7860,"comment_status":"open","ping_status":"open","sticky":false,"template":"","format":"standard","meta":{"footnotes":""},"categories":[19,1],"tags":[],"class_list":["post-7859","post","type-post","status-publish","format-standard","has-post-thumbnail","hentry","category-educacao","category-uncategorized"],"_links":{"self":[{"href":"https:\/\/tvc16.com\/portal\/wp-json\/wp\/v2\/posts\/7859","targetHints":{"allow":["GET"]}}],"collection":[{"href":"https:\/\/tvc16.com\/portal\/wp-json\/wp\/v2\/posts"}],"about":[{"href":"https:\/\/tvc16.com\/portal\/wp-json\/wp\/v2\/types\/post"}],"author":[{"embeddable":true,"href":"https:\/\/tvc16.com\/portal\/wp-json\/wp\/v2\/users\/2"}],"replies":[{"embeddable":true,"href":"https:\/\/tvc16.com\/portal\/wp-json\/wp\/v2\/comments?post=7859"}],"version-history":[{"count":1,"href":"https:\/\/tvc16.com\/portal\/wp-json\/wp\/v2\/posts\/7859\/revisions"}],"predecessor-version":[{"id":7861,"href":"https:\/\/tvc16.com\/portal\/wp-json\/wp\/v2\/posts\/7859\/revisions\/7861"}],"wp:featuredmedia":[{"embeddable":true,"href":"https:\/\/tvc16.com\/portal\/wp-json\/wp\/v2\/media\/7860"}],"wp:attachment":[{"href":"https:\/\/tvc16.com\/portal\/wp-json\/wp\/v2\/media?parent=7859"}],"wp:term":[{"taxonomy":"category","embeddable":true,"href":"https:\/\/tvc16.com\/portal\/wp-json\/wp\/v2\/categories?post=7859"},{"taxonomy":"post_tag","embeddable":true,"href":"https:\/\/tvc16.com\/portal\/wp-json\/wp\/v2\/tags?post=7859"}],"curies":[{"name":"wp","href":"https:\/\/api.w.org\/{rel}","templated":true}]}}