{"id":7876,"date":"2020-12-09T18:13:46","date_gmt":"2020-12-09T21:13:46","guid":{"rendered":"https:\/\/tvc16.com\/portal\/?p=7876"},"modified":"2020-12-09T18:13:51","modified_gmt":"2020-12-09T21:13:51","slug":"steve-vai-hermeto-pascoal-sergio-dias-e-eloy-casagrande-participam-da-dmx-brasil","status":"publish","type":"post","link":"https:\/\/tvc16.com\/portal\/2020\/12\/09\/steve-vai-hermeto-pascoal-sergio-dias-e-eloy-casagrande-participam-da-dmx-brasil\/","title":{"rendered":"Steve Vai, Hermeto Pascoal, S\u00e9rgio Dias e Eloy Casagrande participam da DMX Brasil"},"content":{"rendered":"\n<p><em>Evento come\u00e7a nesta ter\u00e7a-feira (9) e segue at\u00e9 11 de dezembro em formato digital<\/em><\/p>\n\n\n\n<p>A DMX \u2013 Digital Music Experience apresenta em 2020 sua 6\u00ba edi\u00e7\u00e3o e em novo formato. Esse ano, o evento ser\u00e1 online, com transmiss\u00e3o gratuita em seu canal oficial no YouTube e pelo site&nbsp;<a rel=\"noreferrer noopener\" target=\"_blank\" href=\"http:\/\/www.dmx.art.br\/\">www.dmx.art.br<\/a>. Nos dias 9, 10 e 11 de dezembro, grandes artistas, m\u00fasicos mundialmente conhecidos e especialistas de diferentes \u00e1reas da m\u00fasica v\u00e3o falar sobre suas arte, experi\u00eancias, trajet\u00f3rias de carreira, vida na m\u00fasica e ainda far\u00e3o workshows in\u00e9ditos e exclusivos. A DMX 2020 tem patroc\u00ednio da Secretaria Especial de Cultura e Minist\u00e9rio do Turismo, atrav\u00e9s da Lei de Incentivo \u00e0 Cultura, e da Est\u00e1cio (Institui\u00e7\u00e3o de Ensino Superior). A realiza\u00e7\u00e3o \u00e9 da MZA Music.&nbsp;&nbsp;<\/p>\n\n\n\n<p>Ded\u00e9 Teicher, apresentadora do Multishow, vai comandar toda a transmiss\u00e3o e acompanhar\u00e1 o p\u00fablico diretamente do \u201cEst\u00fadio Est\u00e1cio\u201d, um ambiente com equipamentos e detalhes de um est\u00fadio de grava\u00e7\u00e3o de verdade, com direito a mesa de som, amplificadores, equipamento de masteriza\u00e7\u00e3o de \u00e1udio, rolos de grava\u00e7\u00e3o e muito mais. Tudo para que o p\u00fablico possa se conectar ainda mais com o universo da m\u00fasica, desde os grandes artistas at\u00e9 as mais modernas tecnologias utilizadas pelos principais nomes da m\u00fasica.<\/p>\n\n\n\n<p>No Talk, acontecer\u00e3o conversas in\u00e9ditas com artistas sobre carreira, novo cen\u00e1rio musical, influ\u00eancia da tecnologia e cases de sucesso. No Meet Experience, artistas e especialistas contam, de forma direta, sua trajet\u00f3ria profissional, a op\u00e7\u00e3o pelos caminhos que tra\u00e7aram, possibilidades e desafios. O Workshop ter\u00e1 3 agendas com estilos bem diferentes: o violoncelista Jaques Morelenbaum, o grupo PianOrquestra e o baterista Eloy Casagrande.<\/p>\n\n\n\n<p>\u201c<em>Em um ano marcado por tantas mudan\u00e7as, mais do que nunca \u00e9 importante ver a m\u00fasica como um importante fator de transforma\u00e7\u00e3o, como uma forma de express\u00e3o da sociedade. Vamos utilizar a tecnologia, que tanto influencia os novos caminhos e estilos musicais, para trazer essa discuss\u00e3o e troca de conhecimento para o ambiente digital e dar continuidade ao trabalho de debate que a DMX realiza desde sua primeira edi\u00e7\u00e3o\u201d&nbsp;<\/em>indica Marco Mazzola, produtor musical e idealizador da DMX.<\/p>\n\n\n\n<p><em>\u201cMesmo em um cen\u00e1rio t\u00e3o desafiador, a Est\u00e1cio tem orgulho de ser parceira da DMX Brasil, pois acreditamos no potencial dos profissionais da m\u00fasica brasileira e na economia criativa. N\u00f3s mantemos um Programa de Responsabilidade Social chamado \u201cEducar para Transformar\u201d, que apoia iniciativas em cinco pilares \u2013 Cultura, Esporte, Escola, Cidadania, Inova\u00e7\u00e3o e Empreendedorismo e estamos envolvidos em grandes projetos com este prop\u00f3sito. Os projetos contribuem para o desenvolvimento social e cultural e refletem o nosso compromisso em gerar um impacto positivo para a constru\u00e7\u00e3o de uma sociedade mais justa\u201d, comenta Cl\u00e1udia Romano, vice-presidente de Rela\u00e7\u00f5es Institucionais e Sustentabilidade da Est\u00e1cio.&nbsp;<\/em>&nbsp;<\/p>\n\n\n\n<p>Al\u00e9m de proporcionar ao p\u00fablico o encontro com grandes \u00eddolos da m\u00fasica, a DMX tamb\u00e9m abre espa\u00e7o para novos talentos. Na edi\u00e7\u00e3o de 2020, o DMX New Talent ser\u00e1 dedicado a todos os m\u00fasicos e musicistas do pa\u00eds e vai selecionar novos artistas solo da cena instrumental. Instrumentistas de todo o Brasil poder\u00e3o participar de uma disputa onde oito nomes da nova cena nacional v\u00e3o fazer parte da programa\u00e7\u00e3o da DMX.<\/p>\n\n\n\n<p>O material enviado pelos artistas inscritos ser\u00e1 avaliado por uma comiss\u00e3o julgadora que ir\u00e1 selecionar oito artistas para a fase classificat\u00f3ria. Os v\u00eddeos dos oito escolhidos ser\u00e3o exibidos nas redes sociais do evento e durante a programa\u00e7\u00e3o do DMX entre os dias 07\/12\/ e 10\/12. O p\u00fablico tamb\u00e9m poder\u00e1 ajudar a escolher os novos talentos. Uma vota\u00e7\u00e3o popular estar\u00e1 dispon\u00edvel no site do evento de 7 a 10\/12. Os dois vencedores ser\u00e3o anunciados, ao vivo, no dia 11 de dezembro, durante a transmiss\u00e3o, e v\u00e3o receber uma bolsa de estudos da Est\u00e1cio.<\/p>\n\n\n\n<p><strong>DMX Talk<\/strong><\/p>\n\n\n\n<p><strong><u>09 de dezembro \u2013 Quarta-feira<\/u><\/strong><\/p>\n\n\n\n<p><strong>17h \u00e0s 18h \u2013 DMX Talk<\/strong><\/p>\n\n\n\n<p><strong>Os desafios de uma orquestra jovem brasileira<\/strong><\/p>\n\n\n\n<p><strong>Orquestra Mar\u00e9 do Amanh\u00e3<\/strong><\/p>\n\n\n\n<p>O maestro Carlos Eduardo Prazeres fala junto com um m\u00fasico e uma musicista do projeto sobre os desafios da Orquestra, que completa 10 anos e re\u00fane cerca de 300 jovens de \u00e1reas carentes do Rio de Janeiro. Na pauta, o poder transformador da m\u00fasica na vida desses jovens e de toda a comunidade onde vivem.<\/p>\n\n\n\n<p><strong>18h05 \u00e0s 19h05 \u2013 Meet Experience<\/strong><\/p>\n\n\n\n<p><strong>S\u00e9rgio Dias \u2013 Um ser mutante<\/strong><\/p>\n\n\n\n<div class=\"wp-block-image\"><figure class=\"aligncenter size-large\"><img loading=\"lazy\" decoding=\"async\" width=\"356\" height=\"491\" src=\"https:\/\/tvc16.com\/portal\/wp-content\/uploads\/2020\/12\/Sergio-Dias.jpg\" alt=\"\" class=\"wp-image-7880\" srcset=\"https:\/\/tvc16.com\/portal\/wp-content\/uploads\/2020\/12\/Sergio-Dias.jpg 356w, https:\/\/tvc16.com\/portal\/wp-content\/uploads\/2020\/12\/Sergio-Dias-218x300.jpg 218w\" sizes=\"auto, (max-width: 356px) 100vw, 356px\" \/><figcaption>S\u00e9rgio Dias<\/figcaption><\/figure><\/div>\n\n\n\n<p>S\u00e9rgio Dias foi o guitar hero do rock&#8217;n&#8217;roll brasileiro das d\u00e9cadas de 60 e 70. Junto com os Mutantes e a Tropic\u00e1lia, mudou a forma de fazer m\u00fasica no Brasil. Neste encontro nosso eterno mutante ele conta muitas hist\u00f3rias sobre a carreira nacional e internacional.<\/p>\n\n\n\n<p><strong>19h10 \u00e0s 20h10 \u2013 Meet Experience<\/strong><\/p>\n\n\n\n<p><strong>Guitar Hero: Steve Vai<\/strong><\/p>\n\n\n\n<figure class=\"wp-block-image size-large is-resized\"><img loading=\"lazy\" decoding=\"async\" src=\"https:\/\/tvc16.com\/portal\/wp-content\/uploads\/2020\/12\/Steve-Vai-892x1024.jpg\" alt=\"\" class=\"wp-image-7878\" width=\"492\" height=\"565\" srcset=\"https:\/\/tvc16.com\/portal\/wp-content\/uploads\/2020\/12\/Steve-Vai-892x1024.jpg 892w, https:\/\/tvc16.com\/portal\/wp-content\/uploads\/2020\/12\/Steve-Vai-261x300.jpg 261w, https:\/\/tvc16.com\/portal\/wp-content\/uploads\/2020\/12\/Steve-Vai-768x882.jpg 768w, https:\/\/tvc16.com\/portal\/wp-content\/uploads\/2020\/12\/Steve-Vai-1338x1536.jpg 1338w, https:\/\/tvc16.com\/portal\/wp-content\/uploads\/2020\/12\/Steve-Vai.jpg 1540w\" sizes=\"auto, (max-width: 492px) 100vw, 492px\" \/><figcaption>Steve Vai<\/figcaption><\/figure>\n\n\n\n<p>Considerado um dos 100 maiores guitarristas do mundo, Steve Vai acumula centenas de t\u00edtulos e pr\u00eamios pelo mundo. O guitarrista participar\u00e1, pela primeira vez, de um encontro virtual com os f\u00e3s do Brasil com exclusividade na DMX.<\/p>\n\n\n\n<p><strong>20h15 \u00e0s 21h15 \u2013 Workshop<\/strong><\/p>\n\n\n\n<p><strong>A personalidade da bateria no heavy metal<\/strong><\/p>\n\n\n\n<p><strong>Eloy Casagrande<\/strong><\/p>\n\n\n\n<p>Baterista da banda brasileira com maior proje\u00e7\u00e3o internacional, o Sepultura, o jovem Eloy Casagrande \u00e9 cultuado no mundo como um dos mais virtuosos e t\u00e9cnicos instrumentistas do rock mundial. Eloy explicar\u00e1 suas principais t\u00e9cnicas em uma viagem pela sua carreira com um workshop virtual exclusivo.<\/p>\n\n\n\n<p><strong><u>10 de dezembro \u2013 Quinta-feira<\/u><\/strong><\/p>\n\n\n\n<p><strong>17h \u00e0s 18h \u2013 Meet Experience<\/strong><\/p>\n\n\n\n<p><strong>A Versatilidade de Taryn: Do jazz a Disney<\/strong><\/p>\n\n\n\n<p>Diretora art\u00edstica da Rio Jazz Orquestra, Taryn \u00e9 filha de Marcos Szpilman, um dos fundadores da tradicional&nbsp;<em>big band<\/em>. No meio do caminho, encontrou n\u00e3o s\u00f3 uma alma que ama o jazz, mas tamb\u00e9m um dos mais gratificantes trabalhos da sua vida: a dublagem e as interpreta\u00e7\u00f5es musicais das grandes divas da anima\u00e7\u00e3o e da m\u00fasica brasileira. Hoje, \u00e9 uma das mais importantes vozes da Disney em portugu\u00eas, como protagonista da super premiada anima\u00e7\u00e3o musical \u201cFrozen\u201d, na qual \u00e9 a voz da personagem \u201cElsa\u201d.<\/p>\n\n\n\n<p><strong>18h05 \u00e0s 19h05 \u2013 Meet Experience<\/strong><\/p>\n\n\n\n<p><strong>Chacal do Sax \u2013 Talento e perseveran\u00e7a<\/strong><\/p>\n\n\n\n<p>Um menino que cresceu em um col\u00e9gio interno e, l\u00e1 conheceu uma paix\u00e3o que mudaria sua vida: o saxofone. Esse \u00e9 o resumo da vida de Jonathan Fernandes Vieira, de 36 anos, conhecido como Chacal do Sax. Cria da comunidade Barro Vermelho, no Complexo do Lins, o artista, tamb\u00e9m \u00e9 compositor. Atualmente, Jonathan vive de m\u00fasica e vai levar seu som e sua verdade para o palco da DMX onde vai falar sobre sua trajet\u00f3ria e desafios.<\/p>\n\n\n\n<p><strong>19h10 \u00e0s 20h10 \u2013 DMX Talk<\/strong><\/p>\n\n\n\n<p><strong>A alquimia de Hermeto Pascoal \u2013 A trajet\u00f3ria de vida contada pelo pr\u00f3prio bruxo<\/strong><\/p>\n\n\n\n<figure class=\"wp-block-image size-large\"><img loading=\"lazy\" decoding=\"async\" width=\"1024\" height=\"683\" src=\"https:\/\/tvc16.com\/portal\/wp-content\/uploads\/2020\/12\/Hermeto-Pascoal-por-Gabriel-Quintao-1024x683.jpg\" alt=\"\" class=\"wp-image-7877\" srcset=\"https:\/\/tvc16.com\/portal\/wp-content\/uploads\/2020\/12\/Hermeto-Pascoal-por-Gabriel-Quintao-1024x683.jpg 1024w, https:\/\/tvc16.com\/portal\/wp-content\/uploads\/2020\/12\/Hermeto-Pascoal-por-Gabriel-Quintao-300x200.jpg 300w, https:\/\/tvc16.com\/portal\/wp-content\/uploads\/2020\/12\/Hermeto-Pascoal-por-Gabriel-Quintao-768x512.jpg 768w, https:\/\/tvc16.com\/portal\/wp-content\/uploads\/2020\/12\/Hermeto-Pascoal-por-Gabriel-Quintao-1536x1024.jpg 1536w, https:\/\/tvc16.com\/portal\/wp-content\/uploads\/2020\/12\/Hermeto-Pascoal-por-Gabriel-Quintao-900x600.jpg 900w, https:\/\/tvc16.com\/portal\/wp-content\/uploads\/2020\/12\/Hermeto-Pascoal-por-Gabriel-Quintao.jpg 2048w\" sizes=\"auto, (max-width: 1024px) 100vw, 1024px\" \/><figcaption>Hermeto Pascoal<\/figcaption><\/figure>\n\n\n\n<p><strong>Media\u00e7\u00e3o: Fabiane Pereira<\/strong><\/p>\n\n\n\n<p>A maior refer\u00eancia da m\u00fasica instrumental brasileira. Aos 84 anos, o \u201cMago\u201d continua criando, compondo e fazendo turn\u00eas mundiais. Dessa vez, a DMX vai at\u00e9 sua casa para uma entrevista exclusiva quando o grande g\u00eanio que contar\u00e1 curiosidades e falar\u00e1 sobre os momentos mais desafiadores da sua vida.<\/p>\n\n\n\n<p><strong>20h15 \u00e0s 21h15 \u2013 Workshop<\/strong><\/p>\n\n\n\n<p><strong>Jaques Morelenbaum &#8211; M\u00fasica \u00e9 meu segundo nome<\/strong><\/p>\n\n\n\n<p>Violoncelista, maestro, compositor, arranjador e produtor, Jaques Morelenbaum est\u00e1 presente na carreira de grandes nomes da m\u00fasica<\/p>\n\n\n\n<p>brasileira e internacional, seja como arranjador e parceiro musical de nomes como Tom Jobim, Caetano Veloso, Ivan Lins, Skank, Chico Buarque, Milton Nascimento entre outros. Foi o violoncelista de Sting em DVDs, al\u00e9m de tocar com o Cello Samba Trio. O artista vai ministrar um Workshop imperd\u00edvel sobre violoncelo.<\/p>\n\n\n\n<p><strong><u>11 de dezembro \u2013 Sexta-feira<\/u><\/strong><\/p>\n\n\n\n<p><strong>17h \u00e0s 18h \u2013 DMX Talk<\/strong><\/p>\n\n\n\n<p><strong>Renato Borghetti \u2013 Voando alto e levando suas ra\u00edzes<\/strong><\/p>\n\n\n\n<p><strong>Participa\u00e7\u00e3o especial: Kledir<\/strong><\/p>\n\n\n\n<p>Renato Borghetti \u00e9 um artista com uma s\u00f3lida carreira mundial. Esse caminho come\u00e7ou em 1984, quando o seu disco &#8220;Gaita Ponto&#8221; recebeu o primeiro disco de ouro de m\u00fasica instrumental do pa\u00eds. De l\u00e1 para c\u00e1, Borghetti e a sua insepar\u00e1vel gaita-ponto vem trazendo ao mundo a qualidade e o sentimento da melhor m\u00fasica feita nos pampas ga\u00fachos. Esse bate-papo \u00e9 uma homenagem ao artista e conta com media\u00e7\u00e3o de Kledir, que junto com seu irm\u00e3o Kleiton forma uma dupla respeitada e apreciada em todo o Brasil.<\/p>\n\n\n\n<p><strong>18h05 \u00e0s 19h05 \u2013 Meet Experience<\/strong><\/p>\n\n\n\n<p><strong>Jonathan Ferr \u2013 Conecte-se com o futuro. O futuro \u00e9 voc\u00ea.<\/strong><\/p>\n\n\n\n<p>Pianista e compositor, ganhava bem a vida acompanhando outros artistas at\u00e9 que em uma determinada manh\u00e3 se viu como um \u201cm\u00fasico de aluguel&#8221;. Pela vontade de viver do jazz, Jonathan mudou. Passou a estudar para entender o que estava acontecendo no mercado e buscar o seu lugar na m\u00fasica instrumental mundial. O m\u00fasico, s\u00edmbolo de supera\u00e7\u00e3o e empreendedorismo, fala sobre sua carreira e o mercado da m\u00fasica, inspirando novos e futuros artistas.<\/p>\n\n\n\n<p><strong>19h10 \u00e0s 20h10 \u2013 Meet Experience<\/strong><\/p>\n\n\n\n<p><strong>Os benef\u00edcios da m\u00fasica e o c\u00e9rebro humano por Roberta Bento e Ta\u00eds Bento<\/strong><\/p>\n\n\n\n<p>A especialista em Aprendizagem Baseada no Funcionamento do C\u00e9rebro pela Universidade da Calif\u00f3rnia e Duke University, Roberta Bento, vai falar sobre influ\u00eancias e benef\u00edcios da m\u00fasica nas mais diversas situa\u00e7\u00f5es da vida e dos neg\u00f3cios. Roberta teve uma paralisia cerebral no momento do nascimento e a dificuldade de aprendizagem foi uma das sequelas previstas, dentre outros desafios que teria que enfrentar. Os anos se passaram e a neuroci\u00eancia trouxe uma descoberta que explica como aquela crian\u00e7a t\u00e3o fr\u00e1gil conseguiu se tornar uma educadora reconhecida internacionalmente.<\/p>\n\n\n\n<p>Junto a ela traremos Ta\u00eds Bento, pedagoga com especializa\u00e7\u00e3o em Aprendizagem Baseada no Funcionamento do C\u00e9rebro e Aprendizagem Cooperativa pela Universidade de Minnesota e pela Universidade de San Diego para debaterem e discursarem sobre o poder da m\u00fasica e da arte, duas poderosas ferramentas que cada vez mais vamos descobrindo terem efeitos milagrosos na mente de cada um de n\u00f3s, seres humanos.<\/p>\n\n\n\n<p><strong>20h15 \u00e0s 21h15 \u2013 Workshop<\/strong><\/p>\n\n\n\n<p><strong>Claudio Dauelsberg &#8211; uma nova vis\u00e3o do piano<\/strong><\/p>\n\n\n\n<p><strong>Convidado: PianOrquestra<\/strong><\/p>\n\n\n\n<p>Consagrado pianista, idealizador e diretor art\u00edstico do grupo PianOrquestra &#8211; 10 m\u00e3os e 1 piano &#8211; Claudio Dauelsberg apresenta um workshop sobre a hist\u00f3ria do piano, desde sua cria\u00e7ao at\u00e9 os dias de hoje. Claudio convida o grupo que demosnstra, na pr\u00e1tica, a t\u00e9cnica do piano preparado. Com luvas baquetas, palhetas de viol\u00e3o, fios de n\u00e1ilon, pe\u00e7as de metal, madeira, tecido e pl\u00e1stico, eles exploram as infinitas possibilidades de timbres e sonoridades transformando o piano em sua pr\u00f3pria orquestra.<\/p>\n\n\n\n<p><strong>Responsabilidade social em tempos de pandemia: A\u00e7\u00e3o Social pela M\u00fasica do Brasil<\/strong><\/p>\n\n\n\n<p>A DMX esse ano vai acolher a Associa\u00e7\u00e3o Social pela M\u00fasica no Brasil &#8211; ASMB, uma organiza\u00e7\u00e3o n\u00e3o governamental, sem fins lucrativos, que, em sua vertente socioeducacional, visa a inclus\u00e3o social e a forma\u00e7\u00e3o da cidadania, atrav\u00e9s do ensino coletivo da m\u00fasica cl\u00e1ssica, para crian\u00e7as, adolescentes e jovens moradores de comunidades em situa\u00e7\u00e3o de vulnerabilidade social. A a\u00e7\u00e3o promove, h\u00e1 mais de 23 anos, a forma\u00e7\u00e3o de orquestras jovens de m\u00fasica cl\u00e1ssica em todo o territ\u00f3rio nacional, como a Orquestra Jovem do Brasil e a orquestra Mercosul.<\/p>\n\n\n\n<p>Durante os tr\u00eas dias de evento, um QR Code ser\u00e1 exibido ao longo da transmiss\u00e3o para que o p\u00fablico possa contribuir com as a\u00e7\u00f5es da ASMB.<\/p>\n\n\n\n<p><strong><u>Servi\u00e7o<\/u><\/strong><\/p>\n\n\n\n<p>DMX 2020 \u2013 Digital Music Experience<\/p>\n\n\n\n<p>Data: de 9 a 11 de dezembro<\/p>\n\n\n\n<p>Evento gratuito<\/p>\n\n\n\n<p><a rel=\"noreferrer noopener\" target=\"_blank\" href=\"http:\/\/www.dmx.art.br\/\">www.dmx.art.br<\/a><\/p>\n\n\n\n<figure class=\"wp-block-embed\"><div class=\"wp-block-embed__wrapper\">\nhttps:\/\/www.facebook.com\/DMXBrasil\/\n<\/div><\/figure>\n\n\n\n<figure class=\"wp-block-embed\"><div class=\"wp-block-embed__wrapper\">\nhttps:\/\/www.instagram.com\/dmxbrasil\/\n<\/div><\/figure>\n\n\n\n<figure class=\"wp-block-embed-twitter wp-block-embed is-type-rich is-provider-twitter\"><div class=\"wp-block-embed__wrapper\">\n<a class=\"twitter-timeline\" data-width=\"640\" data-height=\"960\" data-dnt=\"true\" href=\"https:\/\/twitter.com\/dmxbrasil?ref_src=twsrc%5Etfw\">Tweets by dmxbrasil<\/a><script async src=\"https:\/\/platform.twitter.com\/widgets.js\" charset=\"utf-8\"><\/script>\n<\/div><\/figure>\n\n\n\n<figure class=\"wp-block-embed\"><div class=\"wp-block-embed__wrapper\">\nhttps:\/\/www.youtube.com\/channel\/UCYUA-IIGQz5s80jPnSoZCZA\n<\/div><\/figure>\n","protected":false},"excerpt":{"rendered":"<p>Evento come\u00e7a nesta ter\u00e7a-feira (9) e segue at\u00e9 11 de dezembro em formato digital A<\/p>\n","protected":false},"author":2,"featured_media":7879,"comment_status":"open","ping_status":"open","sticky":false,"template":"","format":"standard","meta":{"footnotes":""},"categories":[17],"tags":[],"class_list":["post-7876","post","type-post","status-publish","format-standard","has-post-thumbnail","hentry","category-outras-noticias"],"_links":{"self":[{"href":"https:\/\/tvc16.com\/portal\/wp-json\/wp\/v2\/posts\/7876","targetHints":{"allow":["GET"]}}],"collection":[{"href":"https:\/\/tvc16.com\/portal\/wp-json\/wp\/v2\/posts"}],"about":[{"href":"https:\/\/tvc16.com\/portal\/wp-json\/wp\/v2\/types\/post"}],"author":[{"embeddable":true,"href":"https:\/\/tvc16.com\/portal\/wp-json\/wp\/v2\/users\/2"}],"replies":[{"embeddable":true,"href":"https:\/\/tvc16.com\/portal\/wp-json\/wp\/v2\/comments?post=7876"}],"version-history":[{"count":1,"href":"https:\/\/tvc16.com\/portal\/wp-json\/wp\/v2\/posts\/7876\/revisions"}],"predecessor-version":[{"id":7881,"href":"https:\/\/tvc16.com\/portal\/wp-json\/wp\/v2\/posts\/7876\/revisions\/7881"}],"wp:featuredmedia":[{"embeddable":true,"href":"https:\/\/tvc16.com\/portal\/wp-json\/wp\/v2\/media\/7879"}],"wp:attachment":[{"href":"https:\/\/tvc16.com\/portal\/wp-json\/wp\/v2\/media?parent=7876"}],"wp:term":[{"taxonomy":"category","embeddable":true,"href":"https:\/\/tvc16.com\/portal\/wp-json\/wp\/v2\/categories?post=7876"},{"taxonomy":"post_tag","embeddable":true,"href":"https:\/\/tvc16.com\/portal\/wp-json\/wp\/v2\/tags?post=7876"}],"curies":[{"name":"wp","href":"https:\/\/api.w.org\/{rel}","templated":true}]}}