{"id":7882,"date":"2020-12-09T18:19:12","date_gmt":"2020-12-09T21:19:12","guid":{"rendered":"https:\/\/tvc16.com\/portal\/?p=7882"},"modified":"2020-12-09T18:19:14","modified_gmt":"2020-12-09T21:19:14","slug":"mec-lanca-curso-para-professores-de-alfabetizacao","status":"publish","type":"post","link":"https:\/\/tvc16.com\/portal\/2020\/12\/09\/mec-lanca-curso-para-professores-de-alfabetizacao\/","title":{"rendered":"MEC lan\u00e7a curso para professores de alfabetiza\u00e7\u00e3o"},"content":{"rendered":"\n<p>Aulas come\u00e7am em 11 de janeiro de 2021; inscri\u00e7\u00f5es est\u00e3o abertas<\/p>\n\n\n\n<p>O Minist\u00e9rio da Educa\u00e7\u00e3o e a Coordena\u00e7\u00e3o de Aperfei\u00e7oamento de Pessoal de N\u00edvel Superior (Capes) abriram gratuitamente 40 mil vagas do curso on-line Alfabetiza\u00e7\u00e3o Baseada na Ci\u00eancia (ABC). As aulas s\u00e3o destinadas exclusivamente a professores alfabetizadores. O curso ter\u00e1 in\u00edcio em 11 de janeiro de 2021 e a sua dura\u00e7\u00e3o total \u00e9 estimada em 160 horas.&nbsp;<\/p>\n\n\n\n<p>O curso contou com um investimento de R$ 6,3 milh\u00f5es da Capes. Essa \u00e9 a primeira a\u00e7\u00e3o de uma parceria com institui\u00e7\u00f5es portuguesas, que contar\u00e1 tamb\u00e9m com a capacita\u00e7\u00e3o presencial de profissionais da educa\u00e7\u00e3o brasileira que atuam na alfabetiza\u00e7\u00e3o em Portugal.&nbsp;<\/p>\n\n\n\n<p><strong><a href=\"https:\/\/brasil61.com\/noticias\/emendas-parlamentares-individuais-a-educacao-crescem-132-neste-ano-bras202927\" target=\"_blank\" rel=\"noreferrer noopener\">Emendas parlamentares individuais \u00e0 Educa\u00e7\u00e3o crescem 132% neste ano<\/a><\/strong><\/p>\n\n\n\n<p>Segundo o MEC, \u201co curso ABC se prop\u00f5e a ofertar uma qualifica\u00e7\u00e3o de n\u00edvel internacional aos profissionais da alfabetiza\u00e7\u00e3o, aliando a teoria e a pr\u00e1tica\u201d. Os participantes ter\u00e3o a seu dispor v\u00eddeos, materiais de leitura e tarefas de estudo.&nbsp;<\/p>\n\n\n\n<p>As inscri\u00e7\u00f5es do curso podem ser feitas na p\u00e1gina de Ambiente Virtual de Aprendizagem do MEC (Avamec), pelo site <a href=\"http:\/\/avamec.mec.gov.br\" target=\"_blank\" rel=\"noreferrer noopener\">avamec.mec.gov.br<\/a><\/p>\n\n\n\n<p>Fonte: <a href=\"https:\/\/brasil61.com\/noticias\/mec-lanca-curso-para-professores-de-alfabetizacao-bras202955?email=bethdeoliveira@yahoo.com.br&amp;utm_source=newsletter&amp;utm_medium=newsletter&amp;utm_campaign=newsletter\" target=\"_blank\" rel=\"noreferrer noopener\">Brasil 61<\/a><\/p>\n","protected":false},"excerpt":{"rendered":"<p>Aulas come\u00e7am em 11 de janeiro de 2021; inscri\u00e7\u00f5es est\u00e3o abertas O Minist\u00e9rio da Educa\u00e7\u00e3o<\/p>\n","protected":false},"author":2,"featured_media":7883,"comment_status":"open","ping_status":"open","sticky":false,"template":"","format":"standard","meta":{"footnotes":""},"categories":[19],"tags":[],"class_list":["post-7882","post","type-post","status-publish","format-standard","has-post-thumbnail","hentry","category-educacao"],"_links":{"self":[{"href":"https:\/\/tvc16.com\/portal\/wp-json\/wp\/v2\/posts\/7882","targetHints":{"allow":["GET"]}}],"collection":[{"href":"https:\/\/tvc16.com\/portal\/wp-json\/wp\/v2\/posts"}],"about":[{"href":"https:\/\/tvc16.com\/portal\/wp-json\/wp\/v2\/types\/post"}],"author":[{"embeddable":true,"href":"https:\/\/tvc16.com\/portal\/wp-json\/wp\/v2\/users\/2"}],"replies":[{"embeddable":true,"href":"https:\/\/tvc16.com\/portal\/wp-json\/wp\/v2\/comments?post=7882"}],"version-history":[{"count":1,"href":"https:\/\/tvc16.com\/portal\/wp-json\/wp\/v2\/posts\/7882\/revisions"}],"predecessor-version":[{"id":7884,"href":"https:\/\/tvc16.com\/portal\/wp-json\/wp\/v2\/posts\/7882\/revisions\/7884"}],"wp:featuredmedia":[{"embeddable":true,"href":"https:\/\/tvc16.com\/portal\/wp-json\/wp\/v2\/media\/7883"}],"wp:attachment":[{"href":"https:\/\/tvc16.com\/portal\/wp-json\/wp\/v2\/media?parent=7882"}],"wp:term":[{"taxonomy":"category","embeddable":true,"href":"https:\/\/tvc16.com\/portal\/wp-json\/wp\/v2\/categories?post=7882"},{"taxonomy":"post_tag","embeddable":true,"href":"https:\/\/tvc16.com\/portal\/wp-json\/wp\/v2\/tags?post=7882"}],"curies":[{"name":"wp","href":"https:\/\/api.w.org\/{rel}","templated":true}]}}