{"id":7885,"date":"2020-12-09T18:26:10","date_gmt":"2020-12-09T21:26:10","guid":{"rendered":"https:\/\/tvc16.com\/portal\/?p=7885"},"modified":"2020-12-09T18:37:49","modified_gmt":"2020-12-09T21:37:49","slug":"bairro-da-gloria-e-vale-do-cuiba-terao-testagem-em-massa-para-a-covid-19-nesta-quinta-feira-10","status":"publish","type":"post","link":"https:\/\/tvc16.com\/portal\/2020\/12\/09\/bairro-da-gloria-e-vale-do-cuiba-terao-testagem-em-massa-para-a-covid-19-nesta-quinta-feira-10\/","title":{"rendered":"Bairro da Gl\u00f3ria e Vale do Cuib\u00e1 recebem a\u00e7\u00f5es de testagem em massa para a Covid-19 nesta quinta-feira (10)"},"content":{"rendered":"\n<p>As a\u00e7\u00f5es de testagem em massa para a Covid-19 tem ocorrido em toda Cidade. Nesta quinta-feira (10), a testagem ser\u00e1 no Bairro da Gl\u00f3ria (CEI Nossa Senhora da Gl\u00f3ria) e no Vale do Cuiab\u00e1 (Posto de Sa\u00fade da Fam\u00edlia). Os testes fazem parte das amplia\u00e7\u00f5es da prefeitura para frear a dissemina\u00e7\u00e3o da COVID-19 na Cidade.<\/p>\n\n\n\n<p>O prefeito Bernardo Rossi anunciou, esta semana, que a prefeitura realizou a amplia\u00e7\u00e3o das medidas de combate \u00e0 COVID-19. As a\u00e7\u00f5es t\u00eam como objetivo manter a cidade segura e diminuir os recentes \u00edndices de contamina\u00e7\u00e3o e interna\u00e7\u00e3o provocados pela doen\u00e7a. \u201cPetr\u00f3polis est\u00e1 preparada para o enfrentamento \u00e0 COVID-19. Nossas a\u00e7\u00f5es t\u00eam como base nosso compromisso em salvar vidas. N\u00e3o tivemos \u00f3bitos por falta de leitos para pacientes infectados pelo coronav\u00edrus. N\u00e3o faltaram respiradores em nossas unidades. Vamos fazer tudo o que est\u00e1 a nosso alcance para zelar pela sa\u00fade dos petropolitanos\u201d, afirmou o prefeito.<\/p>\n\n\n\n<figure class=\"wp-block-image size-large\"><img loading=\"lazy\" decoding=\"async\" width=\"1024\" height=\"573\" src=\"https:\/\/tvc16.com\/portal\/wp-content\/uploads\/2020\/12\/WhatsApp-Image-2020-12-09-at-12.39.28-1024x573.jpeg\" alt=\"\" class=\"wp-image-7886\" srcset=\"https:\/\/tvc16.com\/portal\/wp-content\/uploads\/2020\/12\/WhatsApp-Image-2020-12-09-at-12.39.28-1024x573.jpeg 1024w, https:\/\/tvc16.com\/portal\/wp-content\/uploads\/2020\/12\/WhatsApp-Image-2020-12-09-at-12.39.28-300x168.jpeg 300w, https:\/\/tvc16.com\/portal\/wp-content\/uploads\/2020\/12\/WhatsApp-Image-2020-12-09-at-12.39.28-768x430.jpeg 768w, https:\/\/tvc16.com\/portal\/wp-content\/uploads\/2020\/12\/WhatsApp-Image-2020-12-09-at-12.39.28.jpeg 1280w\" sizes=\"auto, (max-width: 1024px) 100vw, 1024px\" \/><figcaption>Nesta quarta-feira (09) as a\u00e7\u00f5es foram na quadra ao lado da Associa\u00e7\u00e3o dos Moradores do bairro Sim\u00e9ria, e na F\u00e1brica do Saber, na Estrada da Saudade.<\/figcaption><\/figure>\n\n\n\n<p>A prefeitura ampliou, ainda, as a\u00e7\u00f5es de conscientiza\u00e7\u00e3o da popula\u00e7\u00e3o atrav\u00e9s de carros de som em ruas e bairros da cidade. A\u00e7\u00f5es de desinfec\u00e7\u00e3o de ruas e locais p\u00fablicos tamb\u00e9m foram estendidas a todos os pontos de grande circula\u00e7\u00e3o de pessoas no munic\u00edpio. Nas garagens, \u00f4nibus est\u00e3o sendo rigorosamente higienizados pelas equipes de sa\u00fade. Na \u00faltima sexta-feira (04\/12) foram intensificadas, tamb\u00e9m, as a\u00e7\u00f5es de fiscaliza\u00e7\u00e3o da SSOP, Vigil\u00e2ncia Sanit\u00e1ria e Procon contra as constantes aglomera\u00e7\u00f5es aos finais de semana no Centro da cidade.<\/p>\n\n\n\n<p>\u201cMuitas pessoas insistem em burlar as orienta\u00e7\u00f5es e t\u00eam se aglomerado aos finais de semana. T\u00eam feito festas com dezenas de pessoas. Por mais que haja fiscaliza\u00e7\u00e3o, n\u00e3o podemos retirar ningu\u00e9m das ruas. S\u00e3o pessoas que, em sua maioria, n\u00e3o utilizam m\u00e1scaras e acabam levando o v\u00edrus pra casa, contaminando amigos e parentes. Estamos fazendo de tudo para manter a cidade segura, mas precisamos da colabora\u00e7\u00e3o de todos neste momento\u201d, finalizou a secret\u00e1ria de sa\u00fade, Fab\u00edola Heck.<\/p>\n","protected":false},"excerpt":{"rendered":"<p>As a\u00e7\u00f5es de testagem em massa para a Covid-19 tem ocorrido em toda Cidade. Nesta<\/p>\n","protected":false},"author":2,"featured_media":7887,"comment_status":"open","ping_status":"open","sticky":false,"template":"","format":"standard","meta":{"footnotes":""},"categories":[12],"tags":[],"class_list":["post-7885","post","type-post","status-publish","format-standard","has-post-thumbnail","hentry","category-cidade"],"_links":{"self":[{"href":"https:\/\/tvc16.com\/portal\/wp-json\/wp\/v2\/posts\/7885","targetHints":{"allow":["GET"]}}],"collection":[{"href":"https:\/\/tvc16.com\/portal\/wp-json\/wp\/v2\/posts"}],"about":[{"href":"https:\/\/tvc16.com\/portal\/wp-json\/wp\/v2\/types\/post"}],"author":[{"embeddable":true,"href":"https:\/\/tvc16.com\/portal\/wp-json\/wp\/v2\/users\/2"}],"replies":[{"embeddable":true,"href":"https:\/\/tvc16.com\/portal\/wp-json\/wp\/v2\/comments?post=7885"}],"version-history":[{"count":2,"href":"https:\/\/tvc16.com\/portal\/wp-json\/wp\/v2\/posts\/7885\/revisions"}],"predecessor-version":[{"id":7891,"href":"https:\/\/tvc16.com\/portal\/wp-json\/wp\/v2\/posts\/7885\/revisions\/7891"}],"wp:featuredmedia":[{"embeddable":true,"href":"https:\/\/tvc16.com\/portal\/wp-json\/wp\/v2\/media\/7887"}],"wp:attachment":[{"href":"https:\/\/tvc16.com\/portal\/wp-json\/wp\/v2\/media?parent=7885"}],"wp:term":[{"taxonomy":"category","embeddable":true,"href":"https:\/\/tvc16.com\/portal\/wp-json\/wp\/v2\/categories?post=7885"},{"taxonomy":"post_tag","embeddable":true,"href":"https:\/\/tvc16.com\/portal\/wp-json\/wp\/v2\/tags?post=7885"}],"curies":[{"name":"wp","href":"https:\/\/api.w.org\/{rel}","templated":true}]}}