{"id":7890,"date":"2020-12-09T18:37:34","date_gmt":"2020-12-09T21:37:34","guid":{"rendered":"https:\/\/tvc16.com\/portal\/?p=7890"},"modified":"2020-12-09T18:42:09","modified_gmt":"2020-12-09T21:42:09","slug":"ha-um-mes-internado-devido-a-uma-infeccao-urinaria-padre-francisco-montemezzo-recebe-alta","status":"publish","type":"post","link":"https:\/\/tvc16.com\/portal\/2020\/12\/09\/ha-um-mes-internado-devido-a-uma-infeccao-urinaria-padre-francisco-montemezzo-recebe-alta\/","title":{"rendered":"H\u00e1 um m\u00eas internado, devido a uma infec\u00e7\u00e3o urin\u00e1ria, Padre Francisco Montemezzo recebe alta"},"content":{"rendered":"\n<p>A Diocese de Petr\u00f3polis comunica que, Padre Francisco Montemezzo, 83 anos, recebeu alta hoje e j\u00e1 se encontra no Lar S\u00e3o Jo\u00e3o de Deus.<\/p>\n\n\n\n<p>Ele estava internado, desde o dia 25 de novembro, no Hospital Unimed, para tratamento de infec\u00e7\u00e3o urin\u00e1ria. Com a infec\u00e7\u00e3o curada, os m\u00e9dicos lhe deram alta e continuar\u00e1 sua recupera\u00e7\u00e3o do AVC, no Lar S\u00e3o Jo\u00e3o Deus.\u00a0<\/p>\n\n\n\n<p>A Diocese de Petr\u00f3polis informa que as visitas ainda est\u00e3o proibidas no Lar S\u00e3o Jo\u00e3o de Deus, seguindo o protocolo de seguran\u00e7a sanit\u00e1ria por conta do Covid-19, conforme orienta\u00e7\u00e3o do Minist\u00e9rio P\u00fablico e das autoridades de sa\u00fade. Esta medida \u00e9 tomada, por ser o Lar S\u00e3o Jo\u00e3o de Deus uma unidade que abriga diversos idosos.\u00a0Padre Francisco Montemezzo, no dia 9 de outubro, passou mal em seu quarto no Semin\u00e1rio Nossa Senhora do Amor Divino, sendo levado para o Hospital Unimed, onde foi confirmado que ele teve um AVC. Desde que recebeu alta foi para o Lar S\u00e3o Jo\u00e3o de Deus onde \u00e9 acompanhado por profissionais de sa\u00fade.<\/p>\n","protected":false},"excerpt":{"rendered":"<p>A Diocese de Petr\u00f3polis comunica que, Padre Francisco Montemezzo, 83 anos, recebeu alta hoje e<\/p>\n","protected":false},"author":2,"featured_media":7894,"comment_status":"open","ping_status":"open","sticky":false,"template":"","format":"standard","meta":{"footnotes":""},"categories":[12],"tags":[],"class_list":["post-7890","post","type-post","status-publish","format-standard","has-post-thumbnail","hentry","category-cidade"],"_links":{"self":[{"href":"https:\/\/tvc16.com\/portal\/wp-json\/wp\/v2\/posts\/7890","targetHints":{"allow":["GET"]}}],"collection":[{"href":"https:\/\/tvc16.com\/portal\/wp-json\/wp\/v2\/posts"}],"about":[{"href":"https:\/\/tvc16.com\/portal\/wp-json\/wp\/v2\/types\/post"}],"author":[{"embeddable":true,"href":"https:\/\/tvc16.com\/portal\/wp-json\/wp\/v2\/users\/2"}],"replies":[{"embeddable":true,"href":"https:\/\/tvc16.com\/portal\/wp-json\/wp\/v2\/comments?post=7890"}],"version-history":[{"count":1,"href":"https:\/\/tvc16.com\/portal\/wp-json\/wp\/v2\/posts\/7890\/revisions"}],"predecessor-version":[{"id":7893,"href":"https:\/\/tvc16.com\/portal\/wp-json\/wp\/v2\/posts\/7890\/revisions\/7893"}],"wp:featuredmedia":[{"embeddable":true,"href":"https:\/\/tvc16.com\/portal\/wp-json\/wp\/v2\/media\/7894"}],"wp:attachment":[{"href":"https:\/\/tvc16.com\/portal\/wp-json\/wp\/v2\/media?parent=7890"}],"wp:term":[{"taxonomy":"category","embeddable":true,"href":"https:\/\/tvc16.com\/portal\/wp-json\/wp\/v2\/categories?post=7890"},{"taxonomy":"post_tag","embeddable":true,"href":"https:\/\/tvc16.com\/portal\/wp-json\/wp\/v2\/tags?post=7890"}],"curies":[{"name":"wp","href":"https:\/\/api.w.org\/{rel}","templated":true}]}}