{"id":7898,"date":"2020-12-09T18:58:12","date_gmt":"2020-12-09T21:58:12","guid":{"rendered":"https:\/\/tvc16.com\/portal\/?p=7898"},"modified":"2020-12-09T18:58:15","modified_gmt":"2020-12-09T21:58:15","slug":"soteldo-testa-positivo-para-covid-e-desfalca-santos-contra-gemio","status":"publish","type":"post","link":"https:\/\/tvc16.com\/portal\/2020\/12\/09\/soteldo-testa-positivo-para-covid-e-desfalca-santos-contra-gemio\/","title":{"rendered":"Soteldo testa positivo para covid e desfalca Santos contra G\u00eamio"},"content":{"rendered":"\n<h3 class=\"wp-block-heading\">Jogador apresentou febre e dor de garganta em viagem para Porto Alegre<\/h3>\n\n\n\n<p>O Santos anunciou no in\u00edcio da noite desta quarta-feira (9) que o atacante Soteldo testou positivo para o novo coronav\u00edrus (covid-19) e ser\u00e1 desfalque para o jogo contra o Gr\u00eamio, disputado em Porto Alegre.<img decoding=\"async\" src=\"https:\/\/agenciabrasil.ebc.com.br\/ebc.png?id=1396002&amp;o=node\"><img decoding=\"async\" src=\"https:\/\/agenciabrasil.ebc.com.br\/ebc.gif?id=1396002&amp;o=node\"><\/p>\n\n\n\n<p>O desfalque \u00e9 confirmado momentos antes do jogo de ida das quartas de final da Ta\u00e7a Libertadores, programado para as 19h15 (hor\u00e1rio de Bras\u00edlia) na Arena do Gr\u00eamio.<\/p>\n\n\n\n<p>Segundo publica\u00e7\u00e3o do Santos em seus perfis nas redes sociais, o jogador teve febre e dor de garganta na \u00faltima ter\u00e7a-feira (8), \u201cdurante a viagem para Porto Alegre\u201d. O atacante venezuelano j\u00e1 havia realizado teste para covid no \u00faltimo s\u00e1bado e, assim, estava liberado para o duelo com o Tricolor.<\/p>\n\n\n\n<p>\u201cPor precau\u00e7\u00e3o, por\u00e9m, o Santos optou por fazer um novo exame de coronav\u00edrus no jogador ap\u00f3s a apresenta\u00e7\u00e3o dos sintomas e o resultado foi positivo. Com isso, Soteldo foi isolado no hotel em Porto Alegre e n\u00e3o estar\u00e1 em campo na Arena do Gr\u00eamio\u201d, diz o comunicado da equipe santista.<a href=\"https:\/\/agenciabrasil.ebc.com.br\/esportes\/tabelas\/libertadores.html\">Veja a tabela atualizada da Copa Libertadores.<\/a><\/p>\n\n\n\n<p>Por Ag\u00eancia Brasil RJ<\/p>\n\n\n\n<p>Edi\u00e7\u00e3o: F\u00e1bio Lisboa<\/p>\n","protected":false},"excerpt":{"rendered":"<p>Jogador apresentou febre e dor de garganta em viagem para Porto Alegre O Santos anunciou<\/p>\n","protected":false},"author":2,"featured_media":7899,"comment_status":"open","ping_status":"open","sticky":false,"template":"","format":"standard","meta":{"footnotes":""},"categories":[20],"tags":[],"class_list":["post-7898","post","type-post","status-publish","format-standard","has-post-thumbnail","hentry","category-esporte"],"_links":{"self":[{"href":"https:\/\/tvc16.com\/portal\/wp-json\/wp\/v2\/posts\/7898","targetHints":{"allow":["GET"]}}],"collection":[{"href":"https:\/\/tvc16.com\/portal\/wp-json\/wp\/v2\/posts"}],"about":[{"href":"https:\/\/tvc16.com\/portal\/wp-json\/wp\/v2\/types\/post"}],"author":[{"embeddable":true,"href":"https:\/\/tvc16.com\/portal\/wp-json\/wp\/v2\/users\/2"}],"replies":[{"embeddable":true,"href":"https:\/\/tvc16.com\/portal\/wp-json\/wp\/v2\/comments?post=7898"}],"version-history":[{"count":1,"href":"https:\/\/tvc16.com\/portal\/wp-json\/wp\/v2\/posts\/7898\/revisions"}],"predecessor-version":[{"id":7900,"href":"https:\/\/tvc16.com\/portal\/wp-json\/wp\/v2\/posts\/7898\/revisions\/7900"}],"wp:featuredmedia":[{"embeddable":true,"href":"https:\/\/tvc16.com\/portal\/wp-json\/wp\/v2\/media\/7899"}],"wp:attachment":[{"href":"https:\/\/tvc16.com\/portal\/wp-json\/wp\/v2\/media?parent=7898"}],"wp:term":[{"taxonomy":"category","embeddable":true,"href":"https:\/\/tvc16.com\/portal\/wp-json\/wp\/v2\/categories?post=7898"},{"taxonomy":"post_tag","embeddable":true,"href":"https:\/\/tvc16.com\/portal\/wp-json\/wp\/v2\/tags?post=7898"}],"curies":[{"name":"wp","href":"https:\/\/api.w.org\/{rel}","templated":true}]}}