{"id":7907,"date":"2020-12-09T19:06:27","date_gmt":"2020-12-09T22:06:27","guid":{"rendered":"https:\/\/tvc16.com\/portal\/?p=7907"},"modified":"2020-12-09T19:07:38","modified_gmt":"2020-12-09T22:07:38","slug":"reservas-para-reveillon-no-rio-chegam-a-58-dos-quartos-de-hoteis","status":"publish","type":"post","link":"https:\/\/tvc16.com\/portal\/2020\/12\/09\/reservas-para-reveillon-no-rio-chegam-a-58-dos-quartos-de-hoteis\/","title":{"rendered":"Reservas para r\u00e9veillon no Rio chegam a 58% dos quartos de hot\u00e9is"},"content":{"rendered":"\n<h3 class=\"wp-block-heading\">N\u00famero \u00e9 dez pontos percentuais abaixo do mesmo per\u00edodo de 2019<\/h3>\n\n\n\n<p>Pesquisa divulgada pelo Sindicato dos Meios de Hospedagens do Munic\u00edpio do Rio de Janeiro (Hot\u00e9is Rio) revela que, at\u00e9 o momento, cerca de 58% dos quartos de hot\u00e9is da cidade j\u00e1 est\u00e3o reservados para o&nbsp;<em>r\u00e9veillon<\/em>&nbsp;2020\/2021. Essa \u00e9 a segunda pr\u00e9via de ocupa\u00e7\u00e3o hoteleira para a data.<img decoding=\"async\" src=\"https:\/\/agenciabrasil.ebc.com.br\/ebc.png?id=1395988&amp;o=node\"><img decoding=\"async\" src=\"https:\/\/agenciabrasil.ebc.com.br\/ebc.gif?id=1395988&amp;o=node\"><\/p>\n\n\n\n<p>A estimativa \u00e9 dez pontos percentuais abaixo da registrado no mesmo per\u00edodo do ano passado (68%). Mas, apesar disso, o \u00edndice \u00e9 considerado positivo pelo Hot\u00e9is Rio, dentro do cen\u00e1rio de pandemia do novo coronav\u00edrus, que resultou no cancelamento da tradicional festa da virada do ano na praia de Copacabana, zona sul da capital fluminense.<\/p>\n\n\n\n<p>Os bairros mais procurados pelos turistas s\u00e3o o centro da cidade (67%), Copacabana e Leme (63%). Em seguida, aparecem Flamengo (61%), Recreio dos Bandeirantes (59%), Barra da Tijuca (52%) e Ipanema\/Leblon (51%).<\/p>\n\n\n\n<p>Na avalia\u00e7\u00e3o do presidente do Hot\u00e9is Rio e conselheiro da Associa\u00e7\u00e3o Brasileira da Ind\u00fastria de Hot\u00e9is do Estado do Rio de Janeiro (ABIH-RJ), Alfredo Lopes, os n\u00fameros apurados confirmam o otimismo do setor hoteleiro para a festa da virada. Segundo Lopes, os hot\u00e9is est\u00e3o totalmente preparados e seguem r\u00edgidos protocolos de preven\u00e7\u00e3o da covid-19, preparando festas privativas para oferecer um ambiente festivo e seguro aos turistas que buscam locais para confraternizar em pequenos grupos familiares ou de amigos, depois de um ano dif\u00edcil. \u201cA procura aquecida para o interior \u00e9 um retrato do p\u00fablico deste R\u00e9veillon: prioritariamente nacional, proveniente do pr\u00f3prio estado ou de vizinhos pr\u00f3ximos, como S\u00e3o Paulo e Minas Gerais, e com perfil familiar\u201d, disse Lopes.<\/p>\n\n\n\n<h2 class=\"wp-block-heading\">Interior<\/h2>\n\n\n\n<p>Segundo Alfredo Lopes, o turismo rodovi\u00e1rio dever\u00e1 ser o grande propulsor da retomada do turismo. Da\u00ed a procura do interior do estado estar ainda mais aquecida. De acordo com sondagem da ABIH-RJ, a ocupa\u00e7\u00e3o fora da capital apresenta m\u00e9dia de 81%.<\/p>\n\n\n\n<p>As cidades mais procuradas s\u00e3o Angra dos Reis (92,37%), Itatiaia\/Penedo (90,17%) e Arraial do Cabo (90%). Na sequ\u00eancia v\u00eam B\u00fazios (88,75%), Petr\u00f3polis (88,31%), Paraty (86,05%) e Teres\u00f3polis (85,25%), seguidos por Valen\u00e7a\/ Conservat\u00f3ria (81,88%), Vassouras (75,58%), Nova Friburgo (71,88%) e Cabo Frio (63,67%). Maca\u00e9 registra, at\u00e9 o momento, 58,21% de ocupa\u00e7\u00e3o.<\/p>\n\n\n\n<p>Por Alana Gandra &#8211; Rep\u00f3rter da Ag\u00eancia Brasil &#8211; Rio de Janeiro<\/p>\n\n\n\n<p>Edi\u00e7\u00e3o: Aline Leal<\/p>\n","protected":false},"excerpt":{"rendered":"<p>N\u00famero \u00e9 dez pontos percentuais abaixo do mesmo per\u00edodo de 2019 Pesquisa divulgada pelo Sindicato<\/p>\n","protected":false},"author":2,"featured_media":7910,"comment_status":"open","ping_status":"open","sticky":false,"template":"","format":"standard","meta":{"footnotes":""},"categories":[18],"tags":[],"class_list":["post-7907","post","type-post","status-publish","format-standard","has-post-thumbnail","hentry","category-economia"],"_links":{"self":[{"href":"https:\/\/tvc16.com\/portal\/wp-json\/wp\/v2\/posts\/7907","targetHints":{"allow":["GET"]}}],"collection":[{"href":"https:\/\/tvc16.com\/portal\/wp-json\/wp\/v2\/posts"}],"about":[{"href":"https:\/\/tvc16.com\/portal\/wp-json\/wp\/v2\/types\/post"}],"author":[{"embeddable":true,"href":"https:\/\/tvc16.com\/portal\/wp-json\/wp\/v2\/users\/2"}],"replies":[{"embeddable":true,"href":"https:\/\/tvc16.com\/portal\/wp-json\/wp\/v2\/comments?post=7907"}],"version-history":[{"count":1,"href":"https:\/\/tvc16.com\/portal\/wp-json\/wp\/v2\/posts\/7907\/revisions"}],"predecessor-version":[{"id":7909,"href":"https:\/\/tvc16.com\/portal\/wp-json\/wp\/v2\/posts\/7907\/revisions\/7909"}],"wp:featuredmedia":[{"embeddable":true,"href":"https:\/\/tvc16.com\/portal\/wp-json\/wp\/v2\/media\/7910"}],"wp:attachment":[{"href":"https:\/\/tvc16.com\/portal\/wp-json\/wp\/v2\/media?parent=7907"}],"wp:term":[{"taxonomy":"category","embeddable":true,"href":"https:\/\/tvc16.com\/portal\/wp-json\/wp\/v2\/categories?post=7907"},{"taxonomy":"post_tag","embeddable":true,"href":"https:\/\/tvc16.com\/portal\/wp-json\/wp\/v2\/tags?post=7907"}],"curies":[{"name":"wp","href":"https:\/\/api.w.org\/{rel}","templated":true}]}}