{"id":7911,"date":"2020-12-10T08:48:43","date_gmt":"2020-12-10T11:48:43","guid":{"rendered":"https:\/\/tvc16.com\/portal\/?p=7911"},"modified":"2020-12-10T08:48:46","modified_gmt":"2020-12-10T11:48:46","slug":"eleicoes-2020-mais-de-cem-prefeitos-eleitos-tem-pendencias-na-justica-eleitoral-e-podem-nao-tomar-posse-petropolis-no-rj-esta-entre-eles","status":"publish","type":"post","link":"https:\/\/tvc16.com\/portal\/2020\/12\/10\/eleicoes-2020-mais-de-cem-prefeitos-eleitos-tem-pendencias-na-justica-eleitoral-e-podem-nao-tomar-posse-petropolis-no-rj-esta-entre-eles\/","title":{"rendered":"Elei\u00e7\u00f5es 2020: mais de cem prefeitos eleitos t\u00eam pend\u00eancias na Justi\u00e7a Eleitoral e podem n\u00e3o tomar posse. Petr\u00f3polis, no RJ, est\u00e1 entre eles"},"content":{"rendered":"\n<p>Segundo o TSE, a corte deve julgar todos os casos at\u00e9 o dia 18 de dezembro, data da diploma\u00e7\u00e3o dos vencedores<\/p>\n\n\n\n<p>O Estado do Rio de Janeiro tem nove prefeitos nesta situa\u00e7\u00e3o, nos munic\u00edpios de Campos dos Goytacazes, Petr\u00f3polis, Duque de Caxias, Mag\u00e9, Volta Redonda, Para\u00edba do Sul, Silva Jardim, Carapebus e Varre-Sai.<\/p>\n\n\n\n<p>*Em Petr\u00f3polis, o candidato do PSB, Rubens Bomtempo foi eleito no segundo turno sub judice e aguarda decis\u00e3o do TSE.<\/p>\n\n\n\n<p>Embora as elei\u00e7\u00f5es municipais tenham terminado oficialmente no \u00faltimo dia 29 de novembro, em ao menos 100 munic\u00edpios brasileiros ainda n\u00e3o est\u00e1 definido quem ser\u00e1 o prefeito a partir de 2021. Nesses locais, venceram a disputa candidatos que tiveram o registro indeferido pela Justi\u00e7a Eleitoral e, portanto, se at\u00e9 l\u00e1 n\u00e3o tiverem uma decis\u00e3o favor\u00e1vel \u00e0s suas candidaturas, n\u00e3o poder\u00e3o tomar posse no dia 1\u00ba de janeiro.&nbsp;<\/p>\n\n\n\n<p>Segundo o advogado eleitoral do escrit\u00f3rio Guimar\u00e3es Parente Advogados, Jo\u00e3o Pedro Sans\u00e3o, as candidaturas &#8220;sub judice\u201d s\u00e3o barradas pela lei da ficha limpa, por\u00e9m h\u00e1 uma expectativa do candidato de reverter a situa\u00e7\u00e3o no processo criminal e enquanto isso a justi\u00e7a eleitoral permite a candidatura.<\/p>\n\n\n\n<p>\u201cO Tribunal Superior Eleitoral tem aceitado que novos fatos beneficiem o candidato, ou seja, uma absor\u00e7\u00e3o que ocorra no decorrer do processo eleitoral, garanta a elegibilidade daquele postulante. A maior parte dos casos da candidatura \u201csub judice\u201d s\u00e3o crimes contra a administra\u00e7\u00e3o p\u00fablica, ambientais, entre outros previstos na lei da ficha limpa\u201d, explicou.<\/p>\n\n\n\n<figure class=\"wp-block-embed-youtube wp-block-embed is-type-rich is-provider-incorporar-manipulador wp-embed-aspect-16-9 wp-has-aspect-ratio\"><div class=\"wp-block-embed__wrapper\">\n<iframe loading=\"lazy\" title=\"Jo\u00e3o Pedro Sans\u00e3o, Advogado eleitoral do escrit\u00f3rio Guimar\u00e3es Parente Advogados\" width=\"640\" height=\"360\" src=\"https:\/\/www.youtube.com\/embed\/5gDS6E2iqD4?feature=oembed\" frameborder=\"0\" allow=\"accelerometer; autoplay; clipboard-write; encrypted-media; gyroscope; picture-in-picture; web-share\" referrerpolicy=\"strict-origin-when-cross-origin\" allowfullscreen><\/iframe>\n<\/div><figcaption>Advogado eleitoral Jo\u00e3o Pedro Sans\u00e3o<\/figcaption><\/figure>\n\n\n\n<p>O TSE anunciou que vai priorizar o julgamento dos recursos desses candidatos. Em 2020, os prazos est\u00e3o mais apertados, em raz\u00e3o da pandemia, que adiou a realiza\u00e7\u00e3o do pleito de outubro para novembro. Caso o recurso seja rejeitado, \u00e9 preciso realizar novas elei\u00e7\u00f5es nos munic\u00edpios. Isso deve ser feito s\u00f3 no ano que vem. Mas, se o recurso for deferido, o vencedor tomar\u00e1 posse.<\/p>\n\n\n\n<p>Segundo o TSE, a corte deve julgar todos os casos at\u00e9 o dia 18 de dezembro, data da diploma\u00e7\u00e3o dos vencedores. O professor e advogado em Direito Eleitoral e membro da Academia Brasileira Eleitoral, Renato Ribeiro de Almeida, destacou tr\u00eas cen\u00e1rios poss\u00edveis neste tipo de situa\u00e7\u00e3o, caso os casos n\u00e3o sejam julgados ainda este ano.&nbsp;<\/p>\n\n\n\n<p>\u201cO primeiro cen\u00e1rio \u00e9 haver recurso caso a Justi\u00e7a Eleitoral e especialmente o Tribunal Superior Eleitoral votar essa mat\u00e9ria, julgar esses prefeitos antes do dia 1\u00ba de janeiro sendo favor\u00e1veis e assim eles tomam posse normalmente. Caso haja julgamento desfavor\u00e1vel no TSE, contr\u00e1rio a esses prefeitos, o presidente da C\u00e2mara eleito no dia 1\u00ba de janeiro assumir\u00e1 o mandato e acabar\u00e1 interinamente exercendo o cargo de prefeito at\u00e9 que a Justi\u00e7a eleitoral realize novas elei\u00e7\u00f5es\u201d, disse.<\/p>\n\n\n\n<figure class=\"wp-block-embed-youtube wp-block-embed is-type-rich is-provider-incorporar-manipulador wp-embed-aspect-16-9 wp-has-aspect-ratio\"><div class=\"wp-block-embed__wrapper\">\n<iframe loading=\"lazy\" title=\"Renato Ribeiro de Almeida, professor e advogado em Direito Eleitoral e membro da Academia Brasileira\" width=\"640\" height=\"360\" src=\"https:\/\/www.youtube.com\/embed\/u5a6Tnje6Ro?feature=oembed\" frameborder=\"0\" allow=\"accelerometer; autoplay; clipboard-write; encrypted-media; gyroscope; picture-in-picture; web-share\" referrerpolicy=\"strict-origin-when-cross-origin\" allowfullscreen><\/iframe>\n<\/div><figcaption>Professor e advogado em Direito Eleitoral e membro da Academia Brasileira Eleitoral, Renato Ribeiro de Almeida<\/figcaption><\/figure>\n\n\n\n<p>Em entrevista coletiva ap\u00f3s o segundo turno, o presidente do TSE, ministro Lu\u00eds Roberto Barroso, disse que n\u00e3o era realista imaginar ser poss\u00edvel fazer uma nova elei\u00e7\u00e3o antes de 1\u00ba de janeiro. Segundo os especialistas \u00e9 dif\u00edcil prever quanto tempo ser\u00e1 necess\u00e1rio para organizar um novo pleito, j\u00e1 que h\u00e1 casos que ainda est\u00e3o nos TREs e n\u00e3o foram remetidos ao TSE.&nbsp;<\/p>\n\n\n\n<h2 class=\"wp-block-heading\">Munic\u00edpios<\/h2>\n\n\n\n<p><a href=\"https:\/\/app.powerbi.com\/view?r=eyJrIjoiMmFhYWRiZTItZDY1ZS00ZWNhLWI0MTAtYmE3MDliYTFkMGJmIiwidCI6ImI0MWExODliLWVlZjItNDZkZi1hN2ExLWFmN2UwNTU0YjkzYiJ9\">https:\/\/app.powerbi.com\/view?r=eyJrIjoiMmFhYWRiZTItZDY1ZS00ZWNhLWI0MTAtYmE3MDliYTFkMGJmIiwidCI6ImI0MWExODliLWVlZjItNDZkZi1hN2ExLWFmN2UwNTU0YjkzYiJ9<\/a><\/p>\n\n\n\n<p>Dos munic\u00edpios em que o vitorioso do primeiro turno foi um candidato \u201csub judice\u201d, ao menos em tr\u00eas j\u00e1 houve decis\u00e3o do TRE local liberando o registro dos mais votados. Em Virgin\u00f3polis (MG), Itabira (MG) e Sete Barras (SP).<\/p>\n\n\n\n<p>No munic\u00edpio de Bom Jesus de Goi\u00e1s j\u00e1 foi determinada a realiza\u00e7\u00e3o de um novo pleito em 2021. O prefeito eleito, Adair Henriques (DEM), teve a primeira candidatura indeferida no Pa\u00eds. Condenado por delito contra o patrim\u00f4nio p\u00fablico em setembro de 2009, por unanimidade, o TSE negou o registro de sua candidatura e de seu vice.<\/p>\n\n\n\n<p>Em Santa Isabel do Rio Negro (AM), houve uma situa\u00e7\u00e3o inusitada. Os dois mais votados s\u00e3o candidatos \u201csub judice\u201d: Beleza (PP) que teve 41,16% dos votos, e Careca (MDB) com 27,45%.<\/p>\n\n\n\n<p>O Estado do Rio de Janeiro tem nove prefeitos nesta situa\u00e7\u00e3o, nos munic\u00edpios de Campos dos Goytacazes, Petr\u00f3polis, Duque de Caxias, Mag\u00e9, Volta Redonda, Para\u00edba do Sul, Silva Jardim, Carapebus e Varre-Sai.<\/p>\n\n\n\n<p>Em Arapiraca (AL), a briga jur\u00eddica envolve uma disputa pol\u00edtica. O vice-governador Luciano Barbosa (MDB) se lan\u00e7ou candidato a prefeito, contrariando o governador Renan Filho e seu pai, o senador Renan Calheiros, ambos tamb\u00e9m do MDB. O partido ent\u00e3o anulou a conven\u00e7\u00e3o partid\u00e1ria e Barbosa s\u00f3 p\u00f4de disputar porque o TSE liberou sua participa\u00e7\u00e3o como \u201csub judice\u201d, mas agora precisar\u00e1 do aval para tomar posse.<\/p>\n\n\n\n<p>No caso dos candidatos a vereador \u201csub judice\u201d, a elei\u00e7\u00e3o depende do n\u00famero de cadeiras conquistadas pelo partido ao qual est\u00e3o filiados. Se um deles tiver um recurso aceito depois de 1\u00ba de janeiro, \u00e9 poss\u00edvel que algu\u00e9m que tenha assumido o cargo deixe o posto.<\/p>\n\n\n\n<p>*Por Reda\u00e7\u00e3o TVC<\/p>\n\n\n\n<p>Fonte: <a href=\"https:\/\/brasil61.com\/noticias\/eleicao-2020-mais-de-cem-prefeitos-eleitos-tem-pendencias-na-justica-eleitoral-e-podem-nao-tomar-posse-bras202957?email=bethdeoliveira@yahoo.com.br&amp;utm_source=newsletter&amp;utm_medium=newsletter&amp;utm_campaign=newsletter\" target=\"_blank\" rel=\"noreferrer noopener\">Brasil 61<\/a><\/p>\n","protected":false},"excerpt":{"rendered":"<p>Segundo o TSE, a corte deve julgar todos os casos at\u00e9 o dia 18 de<\/p>\n","protected":false},"author":2,"featured_media":7914,"comment_status":"open","ping_status":"open","sticky":false,"template":"","format":"standard","meta":{"footnotes":""},"categories":[12],"tags":[],"class_list":["post-7911","post","type-post","status-publish","format-standard","has-post-thumbnail","hentry","category-cidade"],"_links":{"self":[{"href":"https:\/\/tvc16.com\/portal\/wp-json\/wp\/v2\/posts\/7911","targetHints":{"allow":["GET"]}}],"collection":[{"href":"https:\/\/tvc16.com\/portal\/wp-json\/wp\/v2\/posts"}],"about":[{"href":"https:\/\/tvc16.com\/portal\/wp-json\/wp\/v2\/types\/post"}],"author":[{"embeddable":true,"href":"https:\/\/tvc16.com\/portal\/wp-json\/wp\/v2\/users\/2"}],"replies":[{"embeddable":true,"href":"https:\/\/tvc16.com\/portal\/wp-json\/wp\/v2\/comments?post=7911"}],"version-history":[{"count":1,"href":"https:\/\/tvc16.com\/portal\/wp-json\/wp\/v2\/posts\/7911\/revisions"}],"predecessor-version":[{"id":7915,"href":"https:\/\/tvc16.com\/portal\/wp-json\/wp\/v2\/posts\/7911\/revisions\/7915"}],"wp:featuredmedia":[{"embeddable":true,"href":"https:\/\/tvc16.com\/portal\/wp-json\/wp\/v2\/media\/7914"}],"wp:attachment":[{"href":"https:\/\/tvc16.com\/portal\/wp-json\/wp\/v2\/media?parent=7911"}],"wp:term":[{"taxonomy":"category","embeddable":true,"href":"https:\/\/tvc16.com\/portal\/wp-json\/wp\/v2\/categories?post=7911"},{"taxonomy":"post_tag","embeddable":true,"href":"https:\/\/tvc16.com\/portal\/wp-json\/wp\/v2\/tags?post=7911"}],"curies":[{"name":"wp","href":"https:\/\/api.w.org\/{rel}","templated":true}]}}