{"id":7916,"date":"2020-12-10T08:53:32","date_gmt":"2020-12-10T11:53:32","guid":{"rendered":"https:\/\/tvc16.com\/portal\/?p=7916"},"modified":"2020-12-10T08:53:34","modified_gmt":"2020-12-10T11:53:34","slug":"pre-matricula-na-rede-municipal-inscricoes-online-comecam-no-dia-30-de-dezembro","status":"publish","type":"post","link":"https:\/\/tvc16.com\/portal\/2020\/12\/10\/pre-matricula-na-rede-municipal-inscricoes-online-comecam-no-dia-30-de-dezembro\/","title":{"rendered":"Pr\u00e9-matr\u00edcula na rede municipal: inscri\u00e7\u00f5es online come\u00e7am no dia 30 de dezembro"},"content":{"rendered":"\n<p><em>Link ser\u00e1 disponibilizado no site da prefeitura:\u00a0<a rel=\"noreferrer noopener\" target=\"_blank\" href=\"http:\/\/www.petropolis.rj.gov.br\/\">www.petropolis.rj.gov.br<\/a><\/em><\/p>\n\n\n\n<p>Os pais ou respons\u00e1veis por crian\u00e7as e adolescentes em idade escolar e que desejam fazer matr\u00edcula na rede municipal de Educa\u00e7\u00e3o devem ficar atentos ao prazo da pr\u00e9-matr\u00edcula que vai ocorrer do dia 30 de dezembro de 2020 at\u00e9 o dia 15 de janeiro de 2021. Um link ser\u00e1 disponibilizado no site da prefeitura:&nbsp;<a rel=\"noreferrer noopener\" target=\"_blank\" href=\"http:\/\/www.petropolis.rj.gov.br\/\">www.petropolis.rj.gov.br<\/a>. A resolu\u00e7\u00e3o descritiva de todo processo ser\u00e1 publicada no Di\u00e1rio Oficial do munic\u00edpio.<\/p>\n\n\n\n<p>Durante a pr\u00e9-matr\u00edcula ser\u00e3o cadastrados os pedidos de vaga para a pr\u00e9-escola &#8211; 4 e 5 anos &#8211; atendimento parcial nas escolas e integral nas unidades que oferecem ensino integral. Ensino Fundamental (1\u00ba ao 9\u00ba ano), bem como os que desejam retornar \u00e0 vida escolar, na modalidade EJA \u2013 Educa\u00e7\u00e3o de Jovens e Adultos.<\/p>\n\n\n\n<p>\u201cA inscri\u00e7\u00e3o \u00e9 somente para aqueles que ainda n\u00e3o fazem parte da rede municipal de Educa\u00e7\u00e3o. Quem j\u00e1 est\u00e1 matriculado na rede ter\u00e1 sua renova\u00e7\u00e3o feita de forma autom\u00e1tica. Importante que os pais respeitem o prazo da pr\u00e9-matr\u00edcula. O passo a passo \u00e9 bem simples\u201d, explica o prefeito Bernardo Rossi.<\/p>\n\n\n\n<p>O resultado da pr\u00e9-matr\u00edcula ser\u00e1 divulgado no site da Prefeitura, no dia 21 de janeiro e nas unidades escolares da Rede Municipal de Ensino. Ap\u00f3s a divulga\u00e7\u00e3o do resultado, os respons\u00e1veis legais ou o candidato maior de idade dever\u00e3o entrar em contato com a Secretaria Municipal de Educa\u00e7\u00e3o pelos&nbsp; telefones (24) 22468683\/(24) 22468685 ou pelo email&nbsp;<a rel=\"noreferrer noopener\" target=\"_blank\" href=\"mailto:seematriculaadistancia@gmail.com\">seematriculaadistancia@gmail.com<\/a>&nbsp;no prazo de 3 (tr\u00eas) dias \u00fateis, para agendar o atendimento e efetivar a matr\u00edcula.&nbsp; Importante: ao entrar em contato com o setor de matr\u00edcula, haver\u00e1 a possibilidade de realizar a matr\u00edcula por e-mail, n\u00e3o sendo necess\u00e1rio o comparecimento ao setor.<\/p>\n\n\n\n<p>\u201cA resolu\u00e7\u00e3o da pr\u00e9-matr\u00edcula foi apresentada durante reuni\u00e3o do Conselho Municipal de Educa\u00e7\u00e3o e leva em considera\u00e7\u00e3o o regimento escolar da rede e o decreto com as medidas de preven\u00e7\u00e3o ao coronav\u00edrus. De forma online os pais poder\u00e3o fazer a inscri\u00e7\u00e3o e, ap\u00f3s conferir o resultado, ter\u00e3o o atendimento agendado no Departamento de Matr\u00edculas da Secretaria de Educa\u00e7\u00e3o, sempre obedecendo os crit\u00e9rios e protocolos de distanciamento\u201d, explica a secret\u00e1ria de Educa\u00e7\u00e3o, Marcia Palma.<\/p>\n\n\n\n<figure class=\"wp-block-image size-large\"><img loading=\"lazy\" decoding=\"async\" width=\"1024\" height=\"1024\" src=\"https:\/\/tvc16.com\/portal\/wp-content\/uploads\/2020\/12\/WhatsApp-Image-2020-12-09-at-16.22.40-1-1024x1024.jpeg\" alt=\"\" class=\"wp-image-7917\" srcset=\"https:\/\/tvc16.com\/portal\/wp-content\/uploads\/2020\/12\/WhatsApp-Image-2020-12-09-at-16.22.40-1-1024x1024.jpeg 1024w, https:\/\/tvc16.com\/portal\/wp-content\/uploads\/2020\/12\/WhatsApp-Image-2020-12-09-at-16.22.40-1-300x300.jpeg 300w, https:\/\/tvc16.com\/portal\/wp-content\/uploads\/2020\/12\/WhatsApp-Image-2020-12-09-at-16.22.40-1-150x150.jpeg 150w, https:\/\/tvc16.com\/portal\/wp-content\/uploads\/2020\/12\/WhatsApp-Image-2020-12-09-at-16.22.40-1-768x768.jpeg 768w, https:\/\/tvc16.com\/portal\/wp-content\/uploads\/2020\/12\/WhatsApp-Image-2020-12-09-at-16.22.40-1.jpeg 1280w\" sizes=\"auto, (max-width: 1024px) 100vw, 1024px\" \/><\/figure>\n\n\n\n<p>Com a data e hora do agendamento da matr\u00edcula, os pais dever\u00e3o levar para a efetiva\u00e7\u00e3o os seguintes documentos:<\/p>\n\n\n\n<ol class=\"wp-block-list\"><li>Certid\u00e3o de Nascimento e documento de identidade do aluno;<\/li><li>Declara\u00e7\u00e3o escolar (v\u00e1lida por trinta dias) constando a situa\u00e7\u00e3o do aluno para o ano subsequente ou<\/li><\/ol>\n\n\n\n<p>III. Hist\u00f3rico escolar original;<\/p>\n\n\n\n<ol class=\"wp-block-list\"><li>Carteira de Identidade e CPF do respons\u00e1vel;<\/li><li>Comprovante de resid\u00eancia atualizado;<\/li><li>Duas fotos em formato 3&#215;4;<\/li><\/ol>\n\n\n\n<p>VII. Carteira de vacina\u00e7\u00e3o atualizada;<\/p>\n\n\n\n<p>VIII. Comprovante do tipo sangu\u00edneo e fator RH (Lei Municipal n\u00ba 7216, de 27\/08\/2014);<\/p>\n\n\n\n<ol class=\"wp-block-list\"><li>Cart\u00e3o do Bolsa Fam\u00edlia (se benefici\u00e1rio);<\/li><li>Cart\u00e3o do SUS;<\/li><li>Parecer cl\u00ednico espec\u00edfico para alunos da modalidade da educa\u00e7\u00e3o especial.<\/li><\/ol>\n\n\n\n<p><strong>Transfer\u00eancias na rede<\/strong><\/p>\n\n\n\n<p>Os alunos da rede municipal que desejarem a transfer\u00eancia para outras unidades dever\u00e3o comunicar o desejo de mudan\u00e7a para o gestor da unidade de ensino em que estiveram matriculados nesse ano de 2020.<\/p>\n\n\n\n<p>A retomada das atividades de transfer\u00eancia ocorrer\u00e1 a partir do dia 1\u00ba de fevereiro de 2021. Caso haja procura pelo respons\u00e1vel ou aluno, quando maior de idade, que n\u00e3o participou da pr\u00e9-matr\u00edcula, ser\u00e3o oferecidas as vagas remanescentes, ap\u00f3s aloca\u00e7\u00e3o de todos os participantes dos processos de pr\u00e9-matr\u00edcula.<\/p>\n\n\n\n<p><strong>Vagas para creche<\/strong><\/p>\n\n\n\n<p>Os pais que desejam vaga nos CEIs \u2013 Centros de Educa\u00e7\u00e3o Infantil &#8211; etapa Creche (0 a 3 anos) e Pr\u00e9-escola (4 e 5 anos), dever\u00e3o procurar a Ger\u00eancia de Atendimento ao Educando\/Setor de Matr\u00edculas da Secretaria de Educa\u00e7\u00e3o para pleitear uma vaga na unidade escolar desejada e realizar o cadastro \u2013 cadastro para fila de espera. Importante salientar que, no caso dos alunos que tem 4 e 5 anos, h\u00e1 vagas nas escolas que oferecem educa\u00e7\u00e3o infantil (per\u00edodo parcial e integral no caso das escolas com atendimento integral que atendem esse p\u00fablico).<\/p>\n\n\n\n<p><strong>Alunos com defici\u00eancia<\/strong><\/p>\n\n\n\n<p>Os alunos com defici\u00eancia matriculados na rede municipal ser\u00e3o rematr\u00edculados por interm\u00e9dio de procedimento interno, n\u00e3o havendo a necessidade de o respons\u00e1vel comparecer ao departamento de Educa\u00e7\u00e3o Especial para a efetiva\u00e7\u00e3o.&nbsp; Os alunos com defici\u00eancia, que tenham interesse em ingressar na Rede Municipal de Ensino dever\u00e3o entrar em contato com o setor de matr\u00edculas pelo telefone (24) 2246-8683 \/ (24) 2246-8685 para agendar o atendimento no departamento de Educa\u00e7\u00e3o Especial.<\/p>\n\n\n\n<p><strong>Educa\u00e7\u00e3o integral<\/strong><\/p>\n\n\n\n<p>Inscri\u00e7\u00f5es para as escolas que oferecem educa\u00e7\u00e3o em tempo integral tamb\u00e9m dever\u00e3o ser feitas atrav\u00e9s do link da pr\u00e9-matr\u00edcula.&nbsp; A educa\u00e7\u00e3o em tempo integral ganhou destaque na rede a partir de 2018. O n\u00famero de escolas que oferecem esse tipo de atendimento passou de 4 para 24 escolas. Vale salientar que as estrat\u00e9gias do munic\u00edpio para incentivar a educa\u00e7\u00e3o integral superaram as expectativas: at\u00e9 2025 o governo federal, segundo o Plano Nacional de Educa\u00e7\u00e3o, estipula que 50% dos alunos da rede precisam estar em escolas de tempo integral. A meta 6 do PNE tamb\u00e9m prev\u00ea que o munic\u00edpio tem que aumentar gradativamente, a cada ano, at\u00e9 20% das escolas que trabalham anos iniciais do ensino fundamental com educa\u00e7\u00e3o integral e o munic\u00edpio j\u00e1 superou a meta: com 22% de unidades atendendo em tempo integral. Escolas que oferecem o tempo integral:<\/p>\n\n\n\n<p>EM Oswaldo Costa Frias (Posse);<\/p>\n\n\n\n<p>EM Ant\u00f4nio Jos\u00e9 de Lima (Posse);<\/p>\n\n\n\n<p>EM Sebasti\u00e3o Lacerda (Rocio);<\/p>\n\n\n\n<p>EM Am\u00e9rico Fernandes Ribeiro (Vale das Videiras);<\/p>\n\n\n\n<p>CIEP Brizol\u00e3o 474 Maestro Guerra Peixe Municipalizado (Cascatinha);<\/p>\n\n\n\n<p>EM Am\u00e9lia Antunes Rabelo (Madame Machado);<\/p>\n\n\n\n<p>EM L\u00facia de Almeida Braga (Carangola);<\/p>\n\n\n\n<p>EM Professor Joaquim Deister (Floresta);<\/p>\n\n\n\n<p>EM Darcy Correa da Veiga (Itaipava);<\/p>\n\n\n\n<p>EM Johan Noel (Bingen);<\/p>\n\n\n\n<p>EM Luiz Carlos Soares (Morin)<\/p>\n\n\n\n<p>EM Senador M\u00e1rio Martins (Caxambu)<\/p>\n\n\n\n<p>EM Monsenhor Cirillo Calaon (Jardim Salvador)<\/p>\n\n\n\n<p>EM Magdalena Tagliaferro (Castelo S\u00e3o Manoel)<\/p>\n\n\n\n<p>EM&nbsp;Ana Mohammad (Sargento Boening),<\/p>\n\n\n\n<p>Escola Soroptimista (Pedras Brancas);<\/p>\n\n\n\n<p>EM Leonardo Boff (Duarte da Silveira \/ Contorno);<\/p>\n\n\n\n<p>Col\u00e9gio Gunnar Vingren (Valpara\u00edso);<\/p>\n\n\n\n<p>EM Professor Nilton S\u00e3o Thiago (Nogueira);<\/p>\n\n\n\n<p>Escola S\u00e3o Francisco de Assis (Moinho Preto);<\/p>\n\n\n\n<p>Escola S\u00e3o Jo\u00e3o Batista (Duarte da Silveira);<\/p>\n\n\n\n<p>EM Dom Pedro de Alc\u00e2ntara (BR-040);<\/p>\n\n\n\n<p>Al\u00e9m dessas, duas escolas oferecem atendimento integral a partir de projetos distintos: Escola Santo Ant\u00f4nio do Vale do Cuiab\u00e1 \/ Padre Quinha e o Centro Educacional Comunidade S\u00e3o Jorge.<\/p>\n","protected":false},"excerpt":{"rendered":"<p>Link ser\u00e1 disponibilizado no site da prefeitura:\u00a0www.petropolis.rj.gov.br Os pais ou respons\u00e1veis por crian\u00e7as e adolescentes<\/p>\n","protected":false},"author":2,"featured_media":7918,"comment_status":"open","ping_status":"open","sticky":false,"template":"","format":"standard","meta":{"footnotes":""},"categories":[12],"tags":[],"class_list":["post-7916","post","type-post","status-publish","format-standard","has-post-thumbnail","hentry","category-cidade"],"_links":{"self":[{"href":"https:\/\/tvc16.com\/portal\/wp-json\/wp\/v2\/posts\/7916","targetHints":{"allow":["GET"]}}],"collection":[{"href":"https:\/\/tvc16.com\/portal\/wp-json\/wp\/v2\/posts"}],"about":[{"href":"https:\/\/tvc16.com\/portal\/wp-json\/wp\/v2\/types\/post"}],"author":[{"embeddable":true,"href":"https:\/\/tvc16.com\/portal\/wp-json\/wp\/v2\/users\/2"}],"replies":[{"embeddable":true,"href":"https:\/\/tvc16.com\/portal\/wp-json\/wp\/v2\/comments?post=7916"}],"version-history":[{"count":1,"href":"https:\/\/tvc16.com\/portal\/wp-json\/wp\/v2\/posts\/7916\/revisions"}],"predecessor-version":[{"id":7919,"href":"https:\/\/tvc16.com\/portal\/wp-json\/wp\/v2\/posts\/7916\/revisions\/7919"}],"wp:featuredmedia":[{"embeddable":true,"href":"https:\/\/tvc16.com\/portal\/wp-json\/wp\/v2\/media\/7918"}],"wp:attachment":[{"href":"https:\/\/tvc16.com\/portal\/wp-json\/wp\/v2\/media?parent=7916"}],"wp:term":[{"taxonomy":"category","embeddable":true,"href":"https:\/\/tvc16.com\/portal\/wp-json\/wp\/v2\/categories?post=7916"},{"taxonomy":"post_tag","embeddable":true,"href":"https:\/\/tvc16.com\/portal\/wp-json\/wp\/v2\/tags?post=7916"}],"curies":[{"name":"wp","href":"https:\/\/api.w.org\/{rel}","templated":true}]}}