{"id":7920,"date":"2020-12-10T11:12:43","date_gmt":"2020-12-10T14:12:43","guid":{"rendered":"https:\/\/tvc16.com\/portal\/?p=7920"},"modified":"2020-12-10T11:12:45","modified_gmt":"2020-12-10T14:12:45","slug":"prefeito-bernardo-rossi-encaminha-para-a-camara-projeto-de-lei-que-revisa-o-sistema-municipal-de-cultura","status":"publish","type":"post","link":"https:\/\/tvc16.com\/portal\/2020\/12\/10\/prefeito-bernardo-rossi-encaminha-para-a-camara-projeto-de-lei-que-revisa-o-sistema-municipal-de-cultura\/","title":{"rendered":"Prefeito Bernardo Rossi encaminha para a C\u00e2mara projeto de lei que revisa o Sistema Municipal de Cultura"},"content":{"rendered":"\n<p>O prefeito Bernardo Rossi encaminhou esta semana para a C\u00e2mara Municipal o projeto de lei que institui o novo Sistema Municipal de Cultura de Petr\u00f3polis. A revis\u00e3o do antigo texto foi elaborada no \u00e2mbito do Conselho Municipal de Cultura e contou com ampla participa\u00e7\u00e3o popular.<\/p>\n\n\n\n<p>Feito 10 anos atr\u00e1s, o Sistema j\u00e1 era considerado defasado pela classe art\u00edstica. O novo Sistema agora atende aos desejos de toda a classe cultural, compreendendo a gest\u00e3o p\u00fablica e os diversos segmentos culturais da cidade.<\/p>\n\n\n\n<p>&nbsp;&nbsp;&nbsp;&nbsp;&nbsp;&nbsp;&nbsp;&nbsp;&nbsp;&nbsp;&nbsp; \u201cPara a revis\u00e3o, foi necess\u00e1rio entender a atual realidade e as necessidades de cada \u00e1rea dentro da cultura. Foi um processo longo, que contou com a participa\u00e7\u00e3o do poder p\u00fablico e sociedade civil juntos. A revis\u00e3o foi muito participativa e inclusiva\u201d, frisa o prefeito Bernardo Rossi. \u201cEntre os avan\u00e7os do novo texto est\u00e1 a moderniza\u00e7\u00e3o, com a inclus\u00e3o de setores que antes n\u00e3o existiam, como as que usam novas tecnologias, al\u00e9m da participa\u00e7\u00e3o de novas cadeiras no Conselho Municipal de Cultura (CMC)\u201d, completa o diretor-presidente do Instituto Municipal de Cultura e Esportes (IMCE), Rodrigo Bueno.<\/p>\n\n\n\n<p>Petr\u00f3polis foi uma das primeiras cidades do Brasil a consolidar o seu Sistema Municipal de Cultura, um desdobramento do Sistema Nacional de Cultura, que \u00e9 um instrumento de gest\u00e3o compartilhada de pol\u00edticas p\u00fablicas de cultura entre os munic\u00edpios e a sociedade civil. O objetivo \u00e9 fortalecer as pol\u00edticas culturais por meio de institucionaliza\u00e7\u00e3o e amplia\u00e7\u00e3o da participa\u00e7\u00e3o social para promover desenvolvimento \u2013 humano, social e econ\u00f4mico \u2013 com amplo acesso a bens e servi\u00e7os culturais.<\/p>\n\n\n\n<p>\u201cO fortalecimento do Sistema n\u00e3o \u00e9 somente um elemento de empoderamento da classe cultural, mas tamb\u00e9m uma forte ferramenta de planejamento de pol\u00edticas culturais, o que possibilitar\u00e1 que as mesmas sejam vistas sob o cunho de a\u00e7\u00e3o estrat\u00e9gica, com objetivos tra\u00e7ados para m\u00e9dio e longo prazo\u201d, explica Leonardo Cerqueira, um dos membros da comiss\u00e3o que revisou o Sistema.<\/p>\n\n\n\n<p>J\u00e1 o Plano Municipal de Cultura de Petr\u00f3polis \u2013 que faz parte do Sistema Municipal de Cultura, criado em 2010 pela lei 6806, \u00e9 decenal e, por isso, era necess\u00e1rio que agora, em 2020, fosse realizado mais que uma revis\u00e3o, ou seja, um processo de elabora\u00e7\u00e3o de um novo plano. Mas por conta da pandemia do coronav\u00edrus, o prefeito tamb\u00e9m enviou projeto \u00e0 C\u00e2mara para que o Plano fique vigente em 2021 para que seja revisado, j\u00e1 que as reuni\u00f5es precisaram ser canceladas por preven\u00e7\u00e3o \u00e0 covid-19.<\/p>\n\n\n\n<p>Entender a cultura como um direito de todos; reconhecer a pr\u00e1tica cultural como uma importante atividade econ\u00f4mica para o munic\u00edpio; promover a produ\u00e7\u00e3o e o acesso cultural em todas as suas formas considerando a diversidade. Esses s\u00e3o alguns dos par\u00e2metros que permeiam o Plano Municipal de Cultura.<\/p>\n","protected":false},"excerpt":{"rendered":"<p>O prefeito Bernardo Rossi encaminhou esta semana para a C\u00e2mara Municipal o projeto de lei<\/p>\n","protected":false},"author":2,"featured_media":7921,"comment_status":"open","ping_status":"open","sticky":false,"template":"","format":"standard","meta":{"footnotes":""},"categories":[12],"tags":[],"class_list":["post-7920","post","type-post","status-publish","format-standard","has-post-thumbnail","hentry","category-cidade"],"_links":{"self":[{"href":"https:\/\/tvc16.com\/portal\/wp-json\/wp\/v2\/posts\/7920","targetHints":{"allow":["GET"]}}],"collection":[{"href":"https:\/\/tvc16.com\/portal\/wp-json\/wp\/v2\/posts"}],"about":[{"href":"https:\/\/tvc16.com\/portal\/wp-json\/wp\/v2\/types\/post"}],"author":[{"embeddable":true,"href":"https:\/\/tvc16.com\/portal\/wp-json\/wp\/v2\/users\/2"}],"replies":[{"embeddable":true,"href":"https:\/\/tvc16.com\/portal\/wp-json\/wp\/v2\/comments?post=7920"}],"version-history":[{"count":1,"href":"https:\/\/tvc16.com\/portal\/wp-json\/wp\/v2\/posts\/7920\/revisions"}],"predecessor-version":[{"id":7922,"href":"https:\/\/tvc16.com\/portal\/wp-json\/wp\/v2\/posts\/7920\/revisions\/7922"}],"wp:featuredmedia":[{"embeddable":true,"href":"https:\/\/tvc16.com\/portal\/wp-json\/wp\/v2\/media\/7921"}],"wp:attachment":[{"href":"https:\/\/tvc16.com\/portal\/wp-json\/wp\/v2\/media?parent=7920"}],"wp:term":[{"taxonomy":"category","embeddable":true,"href":"https:\/\/tvc16.com\/portal\/wp-json\/wp\/v2\/categories?post=7920"},{"taxonomy":"post_tag","embeddable":true,"href":"https:\/\/tvc16.com\/portal\/wp-json\/wp\/v2\/tags?post=7920"}],"curies":[{"name":"wp","href":"https:\/\/api.w.org\/{rel}","templated":true}]}}