{"id":7923,"date":"2020-12-10T11:15:49","date_gmt":"2020-12-10T14:15:49","guid":{"rendered":"https:\/\/tvc16.com\/portal\/?p=7923"},"modified":"2020-12-10T11:15:52","modified_gmt":"2020-12-10T14:15:52","slug":"stj-reconhece-tempo-especial-para-todos-os-vigilantes","status":"publish","type":"post","link":"https:\/\/tvc16.com\/portal\/2020\/12\/10\/stj-reconhece-tempo-especial-para-todos-os-vigilantes\/","title":{"rendered":"STJ reconhece tempo especial para todos os vigilantes"},"content":{"rendered":"\n<p><em>Rita Riff, advogada especializada em Direito Previdenci\u00e1rio. Diretora do Brazilian Prev Consultoria em Previd\u00eancia no Brasil e exterior<\/em><\/p>\n\n\n\n<p>\u00c9 poss\u00edvel o reconhecimento da especialidade da atividade de vigilante, exercida ap\u00f3s a edi\u00e7\u00e3o da Lei 9.032\/1995 e do Decreto 2.172\/1997, com ou sem o uso de arma de fogo, o julgamento teve resultado un\u00e2nime e foi encerrado no dia 09.12.2020.<\/p>\n\n\n\n<p>A&nbsp;decis\u00e3o prev\u00ea que o tempo especial pode ser comprovado por outros meios de prova, inclusive a prova por similaridade, como laudo trabalhista ou laudo em processo previdenci\u00e1rio em nome de colega.<\/p>\n\n\n\n<p>A decis\u00e3o \u00e9 imediata e vale para todos os processos em tramita\u00e7\u00e3o no Pa\u00eds. Al\u00e9m disso, profissionais que se aposentaram nos \u00faltimos 10 anos podem pedir revis\u00e3o e tentar um benef\u00edcio maior. A previs\u00e3o \u00e9 que com a mudan\u00e7a o valor da aposentadoria pode at\u00e9 dobrar.<\/p>\n\n\n\n<p>Vale destacar que desde 1997, o INSS (Instituto Nacional do Seguro Social) n\u00e3o concede aposentadoria especial para vigilantes por considerar que a atividade n\u00e3o \u00e9 nociva. Profissionais do Pa\u00eds inteiro passaram a recorrer \u00e0 Justi\u00e7a para assegurar o direito. S\u00f3 em 2017, o STJ analisou a quest\u00e3o e concluiu que o uso de arma de fogo n\u00e3o \u00e9 crit\u00e9rio para reconhecer a atividade como especial.<\/p>\n\n\n\n<p>S\u00f3 que essa decis\u00e3o come\u00e7ou a conflitar com entendimentos de tribunais por todo o Pa\u00eds. Ent\u00e3o, em 2019 o STJ suspendeu todos os julgamentos sobre o tema at\u00e9 que a Corte decidisse se a periculosidade no trabalho dependia ou n\u00e3o da comprova\u00e7\u00e3o do uso de arma de foto.<\/p>\n\n\n\n<p>Com o tema 1031 julgado pelo STJ \u00e9 admiss\u00edvel o reconhecimento da especialidade da atividade de vigilante, com ou sem arma de fogo, em data posterior \u00e0&nbsp;Lei 9.032\/1995 e ao Decreto 2.172\/1997, por\u00e9m, estabelece condi\u00e7\u00f5es. Assim vejamos:<\/p>\n\n\n\n<p>\u00b7&nbsp;&nbsp;&nbsp;&nbsp;&nbsp;&nbsp;&nbsp;&nbsp;&nbsp;Atividade exercida at\u00e9 5 de mar\u00e7o de 1997, \u00e9 preciso&nbsp;a comprova\u00e7\u00e3o da efetiva nocividade por qualquer meio de prova.<\/p>\n\n\n\n<p>\u00b7&nbsp;&nbsp;&nbsp;&nbsp;&nbsp;&nbsp;&nbsp;&nbsp;&nbsp;Ap\u00f3s 5 de mar\u00e7o de 1997, \u00e9 preciso apresenta\u00e7\u00e3o de laudo t\u00e9cnico ou elemento material equivalente para comprovar atividade permanente, n\u00e3o ocasional nem intermitente a exposi\u00e7\u00e3o a agente nocivo que coloque em risco a integridade f\u00edsica do segurado.<\/p>\n","protected":false},"excerpt":{"rendered":"<p>Rita Riff, advogada especializada em Direito Previdenci\u00e1rio. Diretora do Brazilian Prev Consultoria em Previd\u00eancia no<\/p>\n","protected":false},"author":2,"featured_media":7924,"comment_status":"open","ping_status":"open","sticky":false,"template":"","format":"standard","meta":{"footnotes":""},"categories":[17],"tags":[],"class_list":["post-7923","post","type-post","status-publish","format-standard","has-post-thumbnail","hentry","category-outras-noticias"],"_links":{"self":[{"href":"https:\/\/tvc16.com\/portal\/wp-json\/wp\/v2\/posts\/7923","targetHints":{"allow":["GET"]}}],"collection":[{"href":"https:\/\/tvc16.com\/portal\/wp-json\/wp\/v2\/posts"}],"about":[{"href":"https:\/\/tvc16.com\/portal\/wp-json\/wp\/v2\/types\/post"}],"author":[{"embeddable":true,"href":"https:\/\/tvc16.com\/portal\/wp-json\/wp\/v2\/users\/2"}],"replies":[{"embeddable":true,"href":"https:\/\/tvc16.com\/portal\/wp-json\/wp\/v2\/comments?post=7923"}],"version-history":[{"count":1,"href":"https:\/\/tvc16.com\/portal\/wp-json\/wp\/v2\/posts\/7923\/revisions"}],"predecessor-version":[{"id":7925,"href":"https:\/\/tvc16.com\/portal\/wp-json\/wp\/v2\/posts\/7923\/revisions\/7925"}],"wp:featuredmedia":[{"embeddable":true,"href":"https:\/\/tvc16.com\/portal\/wp-json\/wp\/v2\/media\/7924"}],"wp:attachment":[{"href":"https:\/\/tvc16.com\/portal\/wp-json\/wp\/v2\/media?parent=7923"}],"wp:term":[{"taxonomy":"category","embeddable":true,"href":"https:\/\/tvc16.com\/portal\/wp-json\/wp\/v2\/categories?post=7923"},{"taxonomy":"post_tag","embeddable":true,"href":"https:\/\/tvc16.com\/portal\/wp-json\/wp\/v2\/tags?post=7923"}],"curies":[{"name":"wp","href":"https:\/\/api.w.org\/{rel}","templated":true}]}}