{"id":7926,"date":"2020-12-10T11:42:23","date_gmt":"2020-12-10T14:42:23","guid":{"rendered":"https:\/\/tvc16.com\/portal\/?p=7926"},"modified":"2020-12-10T11:42:25","modified_gmt":"2020-12-10T14:42:25","slug":"terminal-rodoviario-leonel-brizola-no-bingen-recebe-desinfeccao-acao-foi-realizada-pelo-batalhao-dom-pedro-ii","status":"publish","type":"post","link":"https:\/\/tvc16.com\/portal\/2020\/12\/10\/terminal-rodoviario-leonel-brizola-no-bingen-recebe-desinfeccao-acao-foi-realizada-pelo-batalhao-dom-pedro-ii\/","title":{"rendered":"Terminal Rodovi\u00e1rio Leonel Brizola, no Bingen, recebe desinfec\u00e7\u00e3o. A\u00e7\u00e3o foi realizada pelo Batalh\u00e3o Dom Pedro II"},"content":{"rendered":"\n<p>O 32\u00ba Batalh\u00e3o de Infantaria Leve de Montanha &#8211; \u201cBatalh\u00e3o Dom Pedro II, realizou nesta quinta-feira (10), a higieniza\u00e7\u00e3o e a desinfec\u00e7\u00e3o das instala\u00e7\u00f5es do Terminal Rodovi\u00e1rio Leonel Brizola, no Bingen, tendo em vista o per\u00edodo das festas natalinas e de final de ano, e a chegada de grande n\u00famero de turistas \u00e0 cidade de Petr\u00f3polis.<\/p>\n\n\n\n<figure class=\"wp-block-image size-large\"><img loading=\"lazy\" decoding=\"async\" width=\"1024\" height=\"768\" src=\"https:\/\/tvc16.com\/portal\/wp-content\/uploads\/2020\/12\/IMG-20201210-WA0006.jpg\" alt=\"\" class=\"wp-image-7927\" srcset=\"https:\/\/tvc16.com\/portal\/wp-content\/uploads\/2020\/12\/IMG-20201210-WA0006.jpg 1024w, https:\/\/tvc16.com\/portal\/wp-content\/uploads\/2020\/12\/IMG-20201210-WA0006-300x225.jpg 300w, https:\/\/tvc16.com\/portal\/wp-content\/uploads\/2020\/12\/IMG-20201210-WA0006-768x576.jpg 768w, https:\/\/tvc16.com\/portal\/wp-content\/uploads\/2020\/12\/IMG-20201210-WA0006-200x150.jpg 200w\" sizes=\"auto, (max-width: 1024px) 100vw, 1024px\" \/><\/figure>\n\n\n\n<p>As a\u00e7\u00f5es fazem parte do Comando Conjunto Leste, no combate a pandemia da COVID-19.<br>Desde o in\u00edcio da instaura\u00e7\u00e3o da Pandemia, no pa\u00eds, o Batalh\u00e3o Dom Pedro II realiza, semanalmente, em apoio \u00e0 popula\u00e7\u00e3o petropolitana, o trabalho de aplica\u00e7\u00e3o da solu\u00e7\u00e3o de hipoclorito em locais de grande circula\u00e7\u00e3o de pessoas, com o objetivo de extinguir v\u00edrus e bact\u00e9rias destas \u00e1reas.<\/p>\n","protected":false},"excerpt":{"rendered":"<p>O 32\u00ba Batalh\u00e3o de Infantaria Leve de Montanha &#8211; \u201cBatalh\u00e3o Dom Pedro II, realizou nesta<\/p>\n","protected":false},"author":2,"featured_media":7928,"comment_status":"open","ping_status":"open","sticky":false,"template":"","format":"standard","meta":{"footnotes":""},"categories":[12],"tags":[],"class_list":["post-7926","post","type-post","status-publish","format-standard","has-post-thumbnail","hentry","category-cidade"],"_links":{"self":[{"href":"https:\/\/tvc16.com\/portal\/wp-json\/wp\/v2\/posts\/7926","targetHints":{"allow":["GET"]}}],"collection":[{"href":"https:\/\/tvc16.com\/portal\/wp-json\/wp\/v2\/posts"}],"about":[{"href":"https:\/\/tvc16.com\/portal\/wp-json\/wp\/v2\/types\/post"}],"author":[{"embeddable":true,"href":"https:\/\/tvc16.com\/portal\/wp-json\/wp\/v2\/users\/2"}],"replies":[{"embeddable":true,"href":"https:\/\/tvc16.com\/portal\/wp-json\/wp\/v2\/comments?post=7926"}],"version-history":[{"count":1,"href":"https:\/\/tvc16.com\/portal\/wp-json\/wp\/v2\/posts\/7926\/revisions"}],"predecessor-version":[{"id":7929,"href":"https:\/\/tvc16.com\/portal\/wp-json\/wp\/v2\/posts\/7926\/revisions\/7929"}],"wp:featuredmedia":[{"embeddable":true,"href":"https:\/\/tvc16.com\/portal\/wp-json\/wp\/v2\/media\/7928"}],"wp:attachment":[{"href":"https:\/\/tvc16.com\/portal\/wp-json\/wp\/v2\/media?parent=7926"}],"wp:term":[{"taxonomy":"category","embeddable":true,"href":"https:\/\/tvc16.com\/portal\/wp-json\/wp\/v2\/categories?post=7926"},{"taxonomy":"post_tag","embeddable":true,"href":"https:\/\/tvc16.com\/portal\/wp-json\/wp\/v2\/tags?post=7926"}],"curies":[{"name":"wp","href":"https:\/\/api.w.org\/{rel}","templated":true}]}}