{"id":793,"date":"2020-09-21T12:19:08","date_gmt":"2020-09-21T12:19:08","guid":{"rendered":"https:\/\/tvc16.com\/portal\/?p=793"},"modified":"2020-09-21T12:19:08","modified_gmt":"2020-09-21T12:19:08","slug":"paciente-portadora-de-necessidade-especial-vence-nova-sindrome-associada-ao-coronavirus-em-petropolis","status":"publish","type":"post","link":"https:\/\/tvc16.com\/portal\/2020\/09\/21\/paciente-portadora-de-necessidade-especial-vence-nova-sindrome-associada-ao-coronavirus-em-petropolis\/","title":{"rendered":"Paciente portadora de necessidade especial vence nova s\u00edndrome associada ao coronav\u00edrus em Petr\u00f3polis"},"content":{"rendered":"\n<p>Barbara de Paula, 16 anos, ficou internada no Hospital Unimed Petr\u00f3polis durante 18 dias por causa da covid-19. Portadora de uma grave escoliose e de outras comorbidades, ela se mostrou forte, mais uma vez, ao vencer a S\u00edndrome Inflamat\u00f3ria da Inf\u00e2ncia e da Adolesc\u00eancia. Trata-se de uma diferente manifesta\u00e7\u00e3o do coronav\u00edrus que est\u00e1 sendo investigada por v\u00e1rios pa\u00edses. O quadro da adolescente evoluiu para uma pneumonia, comprometendo quase 80% de seu pulm\u00e3o.<\/p>\n\n\n\n<p>Embora a covid-19 n\u00e3o se apresente da mesma maneira para todos, os sintomas incomuns de Barbara acenderam um alerta. A sua pediatra, Ana Paula Gamon, cooperada da Unimed Petr\u00f3polis, logo identificou algo de errado.<\/p>\n\n\n\n<p>\u201cA Barbara apresentou sintomas gastrointestinais, v\u00f4mito e teve conjuntivite n\u00e3o-exsudativa, que \u00e9 uma vermelhid\u00e3o ocular. Com esses sinais, suspeitei da S\u00edndrome Inflamat\u00f3ria da Inf\u00e2ncia e da Adolesc\u00eancia, um outro tipo de manifesta\u00e7\u00e3o da covid-19\u201d, conta a imunologista\/alergista, que solicitou um teste para comprova\u00e7\u00e3o.<\/p>\n\n\n\n<p>Mesmo diante da suspeita, Michele de Paula, a m\u00e3e da Barbara, diz que n\u00e3o acreditava que a filha teria o diagn\u00f3stico positivo para a covid-19, pois adotou todos os protocolos de seguran\u00e7a. Ela conta como foi dif\u00edcil receber o resultado do teste.<\/p>\n\n\n\n<p>\u201cFoi como receber uma senten\u00e7a de morte. Mesmo tendo muita f\u00e9, eu pensava em outros casos de pessoas jovens que foram v\u00edtimas da doen\u00e7a e que n\u00e3o resistiram. Mas eu devo toda a gratid\u00e3o deste mundo a Deus, aos m\u00e9dicos e equipes do Hospital Unimed Petr\u00f3polis, e, principalmente, a dra. Ana Paula Gamon. Ela \u00e9 o nosso anjo protetor e salvou minha filha mais uma vez\u201d, relata Michele, que faz men\u00e7\u00e3o a outro per\u00edodo vivido pela filha.<\/p>\n\n\n\n<p><strong>Atua\u00e7\u00e3o r\u00e1pida da equipe multidisciplinar do hospital<\/strong><\/p>\n\n\n\n<p>A alta da Barbara foi tomada por grande emo\u00e7\u00e3o e salva de palmas. O vice-presidente da Unimed Petr\u00f3polis, Cesar Augusto de S. Thiago esteve presente pessoalmente e destaca que a dedica\u00e7\u00e3o de toda a equipe, o olhar diferenciado e a qualifica\u00e7\u00e3o da pediatra foram cruciais para o diagn\u00f3stico precoce e r\u00e1pida recupera\u00e7\u00e3o da jovem.<\/p>\n\n\n\n<p>\u201cDesde a interna\u00e7\u00e3o da Barbara acompanhei a dedica\u00e7\u00e3o da Ana Paula e de toda a equipe para a r\u00e1pida defini\u00e7\u00e3o do diagn\u00f3stico e tratamento. Hoje fico emocionado por mais uma vez v\u00ea-la indo para casa com a sua m\u00e3e\u201d, disse Cesar Augusto de S. Thiago.<\/p>\n\n\n\n<p>\u201cForam dias de muito trabalho, muita dedica\u00e7\u00e3o e momentos de grande ang\u00fastia. Eu quero agradecer aos m\u00e9dicos que me ajudaram no acompanhamento da Barbara. As equipes de enfermagem e de fisioterapia sempre me passando informa\u00e7\u00f5es quase que em tempo real. Isso foi crucial para tomada de decis\u00e3o. E eu queria agradecer, em especial, a dire\u00e7\u00e3o, que prontamente me atendeu com fornecimento de leito de UTI e medica\u00e7\u00f5es muito importantes para o desfecho positivo desse tratamento\u201d, conclui Ana Paula Gamon.<\/p>\n\n\n\n<p><strong>S\u00edndrome Multissist\u00eamica da Inf\u00e2ncia e da Adolesc\u00eancia \u00e9 monitorada no Brasil<\/strong><\/p>\n\n\n\n<p>A S\u00edndrome Multissist\u00eamica Pedi\u00e1trica \u00e9 mais uma preocupa\u00e7\u00e3o que surge em meio a pandemia. A sua rela\u00e7\u00e3o com a Covid-19 \u00e9 investigada por v\u00e1rios pa\u00edses em conjunto com a Organiza\u00e7\u00e3o Mundial da Sa\u00fade, OMS.<\/p>\n\n\n\n<p>Em maio, o Minist\u00e9rio da Sa\u00fade emitiu um alerta em parceria com a Organiza\u00e7\u00e3o Pan-Americana da Sa\u00fade, OPAS, e com as sociedades brasileiras de Pediatria e Reumatologia, orientando pediatras sobre a identifica\u00e7\u00e3o da S\u00edndrome.<\/p>\n\n\n\n<p>71 casos foram registrados em quatro estados at\u00e9 o m\u00eas de julho. Desse n\u00famero, 22 equivalem ao Rio de Janeiro.\u200b<\/p>\n","protected":false},"excerpt":{"rendered":"<p>Barbara de Paula, 16 anos, ficou internada no Hospital Unimed Petr\u00f3polis durante 18 dias por<\/p>\n","protected":false},"author":2,"featured_media":794,"comment_status":"open","ping_status":"open","sticky":false,"template":"","format":"standard","meta":{"footnotes":""},"categories":[12],"tags":[],"class_list":["post-793","post","type-post","status-publish","format-standard","has-post-thumbnail","hentry","category-cidade"],"_links":{"self":[{"href":"https:\/\/tvc16.com\/portal\/wp-json\/wp\/v2\/posts\/793","targetHints":{"allow":["GET"]}}],"collection":[{"href":"https:\/\/tvc16.com\/portal\/wp-json\/wp\/v2\/posts"}],"about":[{"href":"https:\/\/tvc16.com\/portal\/wp-json\/wp\/v2\/types\/post"}],"author":[{"embeddable":true,"href":"https:\/\/tvc16.com\/portal\/wp-json\/wp\/v2\/users\/2"}],"replies":[{"embeddable":true,"href":"https:\/\/tvc16.com\/portal\/wp-json\/wp\/v2\/comments?post=793"}],"version-history":[{"count":1,"href":"https:\/\/tvc16.com\/portal\/wp-json\/wp\/v2\/posts\/793\/revisions"}],"predecessor-version":[{"id":795,"href":"https:\/\/tvc16.com\/portal\/wp-json\/wp\/v2\/posts\/793\/revisions\/795"}],"wp:featuredmedia":[{"embeddable":true,"href":"https:\/\/tvc16.com\/portal\/wp-json\/wp\/v2\/media\/794"}],"wp:attachment":[{"href":"https:\/\/tvc16.com\/portal\/wp-json\/wp\/v2\/media?parent=793"}],"wp:term":[{"taxonomy":"category","embeddable":true,"href":"https:\/\/tvc16.com\/portal\/wp-json\/wp\/v2\/categories?post=793"},{"taxonomy":"post_tag","embeddable":true,"href":"https:\/\/tvc16.com\/portal\/wp-json\/wp\/v2\/tags?post=793"}],"curies":[{"name":"wp","href":"https:\/\/api.w.org\/{rel}","templated":true}]}}