{"id":7930,"date":"2020-12-10T13:27:25","date_gmt":"2020-12-10T16:27:25","guid":{"rendered":"https:\/\/tvc16.com\/portal\/?p=7930"},"modified":"2020-12-10T13:27:28","modified_gmt":"2020-12-10T16:27:28","slug":"vacina-contra-a-covid-19-sera-distribuida-pela-azul-linhas-aereas","status":"publish","type":"post","link":"https:\/\/tvc16.com\/portal\/2020\/12\/10\/vacina-contra-a-covid-19-sera-distribuida-pela-azul-linhas-aereas\/","title":{"rendered":"Vacina contra a Covid-19 ser\u00e1 distribu\u00edda pela Azul Linhas A\u00e9reas"},"content":{"rendered":"\n<p>Segundo o governo federal, parceria com a companhia a\u00e9rea vai garantir mais celeridade e seguran\u00e7a ao processo log\u00edstico de imuniza\u00e7\u00e3o da popula\u00e7\u00e3o<\/p>\n\n\n\n<p>O Minist\u00e9rio da Sa\u00fade anunciou uma parceria com a Azul Linhas A\u00e9reas para distribui\u00e7\u00e3o da vacina contra a Covid-19 em todo o pa\u00eds. Com o acordo entre as partes, o governo federal espera garantir celeridade e seguran\u00e7a ao processo log\u00edstico de imuniza\u00e7\u00e3o da popula\u00e7\u00e3o.<br><br>A Azul informou que colocar\u00e1 \u00e0 disposi\u00e7\u00e3o do governo toda sua capacidade de distribui\u00e7\u00e3o. A companhia j\u00e1 trabalha em conjunto com o Executivo em outras a\u00e7\u00f5es, como a Opera\u00e7\u00e3o Acolhida, que visa a interioriza\u00e7\u00e3o de imigrantes venezuelanos que chegam ao Brasil pelo estado de Roraima.<br><br>No plano de vacina\u00e7\u00e3o contra a Covid-19, divulgado pelo governo federal nesta semana, h\u00e1 quatro fases previstas. Na primeira, ser\u00e3o imunizados trabalhadores da sa\u00fade, idosos acima de 75 anos e popula\u00e7\u00e3o ind\u00edgena.<br><br>Na segunda etapa, est\u00e1 prevista a vacina\u00e7\u00e3o de pessoas entre 60 e 74 anos. A terceira fase prev\u00ea imuniza\u00e7\u00e3o de pessoas com comorbidades e, por fim, professores, trabalhadores das for\u00e7as de seguran\u00e7a e funcion\u00e1rios do sistema prisional na quarta fase.<\/p>\n\n\n\n<p>Fonte: <a href=\"https:\/\/brasil61.com\/noticias\/vacina-contra-a-covid-19-sera-distribuida-pela-azul-linhas-aereas-bras202959?email=bethdeoliveira@yahoo.com.br&amp;utm_source=newsletter&amp;utm_medium=newsletter&amp;utm_campaign=newsletter\" target=\"_blank\" rel=\"noreferrer noopener\">Brasil 61<\/a><\/p>\n","protected":false},"excerpt":{"rendered":"<p>Segundo o governo federal, parceria com a companhia a\u00e9rea vai garantir mais celeridade e seguran\u00e7a<\/p>\n","protected":false},"author":2,"featured_media":7931,"comment_status":"open","ping_status":"open","sticky":false,"template":"","format":"standard","meta":{"footnotes":""},"categories":[14],"tags":[],"class_list":["post-7930","post","type-post","status-publish","format-standard","has-post-thumbnail","hentry","category-pais"],"_links":{"self":[{"href":"https:\/\/tvc16.com\/portal\/wp-json\/wp\/v2\/posts\/7930","targetHints":{"allow":["GET"]}}],"collection":[{"href":"https:\/\/tvc16.com\/portal\/wp-json\/wp\/v2\/posts"}],"about":[{"href":"https:\/\/tvc16.com\/portal\/wp-json\/wp\/v2\/types\/post"}],"author":[{"embeddable":true,"href":"https:\/\/tvc16.com\/portal\/wp-json\/wp\/v2\/users\/2"}],"replies":[{"embeddable":true,"href":"https:\/\/tvc16.com\/portal\/wp-json\/wp\/v2\/comments?post=7930"}],"version-history":[{"count":1,"href":"https:\/\/tvc16.com\/portal\/wp-json\/wp\/v2\/posts\/7930\/revisions"}],"predecessor-version":[{"id":7932,"href":"https:\/\/tvc16.com\/portal\/wp-json\/wp\/v2\/posts\/7930\/revisions\/7932"}],"wp:featuredmedia":[{"embeddable":true,"href":"https:\/\/tvc16.com\/portal\/wp-json\/wp\/v2\/media\/7931"}],"wp:attachment":[{"href":"https:\/\/tvc16.com\/portal\/wp-json\/wp\/v2\/media?parent=7930"}],"wp:term":[{"taxonomy":"category","embeddable":true,"href":"https:\/\/tvc16.com\/portal\/wp-json\/wp\/v2\/categories?post=7930"},{"taxonomy":"post_tag","embeddable":true,"href":"https:\/\/tvc16.com\/portal\/wp-json\/wp\/v2\/tags?post=7930"}],"curies":[{"name":"wp","href":"https:\/\/api.w.org\/{rel}","templated":true}]}}