{"id":7936,"date":"2020-12-10T14:47:16","date_gmt":"2020-12-10T17:47:16","guid":{"rendered":"https:\/\/tvc16.com\/portal\/?p=7936"},"modified":"2020-12-10T14:47:18","modified_gmt":"2020-12-10T17:47:18","slug":"arvore-cai-sobre-rede-eletrica-e-moradores-da-avenida-tiradentes-e-adjacencias-ficam-no-escuro","status":"publish","type":"post","link":"https:\/\/tvc16.com\/portal\/2020\/12\/10\/arvore-cai-sobre-rede-eletrica-e-moradores-da-avenida-tiradentes-e-adjacencias-ficam-no-escuro\/","title":{"rendered":"\u00c1rvore cai sobre rede el\u00e9trica e moradores da Avenida Tiradentes e adjac\u00eancias ficam no escuro"},"content":{"rendered":"\n<p>No in\u00edcio da tarde desta quinta-feira (10) uma \u00e1rvore caiu na Avenida Tiradentes, pr\u00f3ximo a Catedral, no Centro Hist\u00f3rico,  e deixou muitos pr\u00e9dios e casas \u00e0s escuras.<\/p>\n\n\n\n<p>H\u00e1 dias que chove em Petr\u00f3polis e o tempo ruim vem ocasionando transtornos em alguns bairros e ruas da Cidade. <\/p>\n\n\n\n<p>A Ampla j\u00e1 avisou aos clientes, via e-mail,  e demais canais de atendimento, ao consumidor, que j\u00e1 deslocou uma equipe para resolver o problema e restabelecer a energia na localidade atingida.<\/p>\n\n\n\n<figure class=\"wp-block-image size-large\"><img loading=\"lazy\" decoding=\"async\" width=\"1024\" height=\"768\" src=\"https:\/\/tvc16.com\/portal\/wp-content\/uploads\/2020\/12\/IMG-20201210-WA0035-1024x768.jpg\" alt=\"\" class=\"wp-image-7937\" srcset=\"https:\/\/tvc16.com\/portal\/wp-content\/uploads\/2020\/12\/IMG-20201210-WA0035-1024x768.jpg 1024w, https:\/\/tvc16.com\/portal\/wp-content\/uploads\/2020\/12\/IMG-20201210-WA0035-300x225.jpg 300w, https:\/\/tvc16.com\/portal\/wp-content\/uploads\/2020\/12\/IMG-20201210-WA0035-768x576.jpg 768w, https:\/\/tvc16.com\/portal\/wp-content\/uploads\/2020\/12\/IMG-20201210-WA0035-200x150.jpg 200w, https:\/\/tvc16.com\/portal\/wp-content\/uploads\/2020\/12\/IMG-20201210-WA0035.jpg 1280w\" sizes=\"auto, (max-width: 1024px) 100vw, 1024px\" \/><\/figure>\n","protected":false},"excerpt":{"rendered":"<p>No in\u00edcio da tarde desta quinta-feira (10) uma \u00e1rvore caiu na Avenida Tiradentes, pr\u00f3ximo a<\/p>\n","protected":false},"author":2,"featured_media":7938,"comment_status":"open","ping_status":"open","sticky":false,"template":"","format":"standard","meta":{"footnotes":""},"categories":[12],"tags":[],"class_list":["post-7936","post","type-post","status-publish","format-standard","has-post-thumbnail","hentry","category-cidade"],"_links":{"self":[{"href":"https:\/\/tvc16.com\/portal\/wp-json\/wp\/v2\/posts\/7936","targetHints":{"allow":["GET"]}}],"collection":[{"href":"https:\/\/tvc16.com\/portal\/wp-json\/wp\/v2\/posts"}],"about":[{"href":"https:\/\/tvc16.com\/portal\/wp-json\/wp\/v2\/types\/post"}],"author":[{"embeddable":true,"href":"https:\/\/tvc16.com\/portal\/wp-json\/wp\/v2\/users\/2"}],"replies":[{"embeddable":true,"href":"https:\/\/tvc16.com\/portal\/wp-json\/wp\/v2\/comments?post=7936"}],"version-history":[{"count":1,"href":"https:\/\/tvc16.com\/portal\/wp-json\/wp\/v2\/posts\/7936\/revisions"}],"predecessor-version":[{"id":7939,"href":"https:\/\/tvc16.com\/portal\/wp-json\/wp\/v2\/posts\/7936\/revisions\/7939"}],"wp:featuredmedia":[{"embeddable":true,"href":"https:\/\/tvc16.com\/portal\/wp-json\/wp\/v2\/media\/7938"}],"wp:attachment":[{"href":"https:\/\/tvc16.com\/portal\/wp-json\/wp\/v2\/media?parent=7936"}],"wp:term":[{"taxonomy":"category","embeddable":true,"href":"https:\/\/tvc16.com\/portal\/wp-json\/wp\/v2\/categories?post=7936"},{"taxonomy":"post_tag","embeddable":true,"href":"https:\/\/tvc16.com\/portal\/wp-json\/wp\/v2\/tags?post=7936"}],"curies":[{"name":"wp","href":"https:\/\/api.w.org\/{rel}","templated":true}]}}