{"id":7940,"date":"2020-12-10T15:12:46","date_gmt":"2020-12-10T18:12:46","guid":{"rendered":"https:\/\/tvc16.com\/portal\/?p=7940"},"modified":"2020-12-10T15:12:50","modified_gmt":"2020-12-10T18:12:50","slug":"senado-aprova-programa-habitacional-casa-verde-e-amarela","status":"publish","type":"post","link":"https:\/\/tvc16.com\/portal\/2020\/12\/10\/senado-aprova-programa-habitacional-casa-verde-e-amarela\/","title":{"rendered":"Senado aprova programa habitacional, Casa Verde e Amarela"},"content":{"rendered":"\n<p><\/p>\n\n\n\n<p>Sucessor do Minha Casa, Minha Vida, programa atua em tr\u00eas frentes: financiamento habitacional, regulariza\u00e7\u00e3o fundi\u00e1ria e cr\u00e9dito para reformas<\/p>\n\n\n\n<p>O Senado aprovou, nesta ter\u00e7a-feira (8), a <a href=\"https:\/\/www.congressonacional.leg.br\/materias\/medidas-provisorias\/-\/mpv\/144365\">Medida Provis\u00f3ria (MP) 996\/2020<\/a> que cria o programa habitacional Casa Verde e Amarela, substituto do Minha Casa, Minha Vida. Al\u00e9m do financiamento habitacional, o texto inclui regulariza\u00e7\u00e3o fundi\u00e1ria e cr\u00e9dito para reformas. Agora, a mat\u00e9ria depende da san\u00e7\u00e3o presidencial.&nbsp;<br>&nbsp;<br>O programa vai alcan\u00e7ar fam\u00edlias com renda mensal de at\u00e9 R$ 7 mil, em \u00e1reas urbanas, e renda anual de at\u00e9 R$ 84 mil, para aquelas que residem nas \u00e1reas rurais. O Casa Verde e Amarela separa o p\u00fablico-alvo em tr\u00eas faixas, de acordo com a renda familiar: at\u00e9 R$ 2 mil por m\u00eas, de R$ 2 mil a R$ 4 mil, e de R$ 4 mil a R$ 7 mil.&nbsp;<\/p>\n\n\n\n<p><a href=\"https:\/\/brasil61.com\/noticias\/programa-casa-verde-e-amarela-tera-mais-recursos-do-fgts-para-este-ano-bras202670\">Programa Casa Verde e Amarela ter\u00e1 mais recursos do FGTS para este ano<\/a><\/p>\n\n\n\n<p><a href=\"https:\/\/brasil61.com\/noticias\/casa-verde-e-amarela-e-aposta-para-reaquecer-o-mercado-imobiliario-bras201997\">Casa Verde e Amarela \u00e9 aposta para reaquecer o mercado imobili\u00e1rio<\/a><\/p>\n\n\n\n<p><a href=\"https:\/\/brasil61.com\/noticias\/casa-verde-amarela-programa-de-habitacao-com-taxas-de-juros-menores-para-familias-de-baixa-renda-bras201510\">Casa Verde Amarela: Programa de habita\u00e7\u00e3o com taxas de juros menores para fam\u00edlias de baixa renda<\/a><\/p>\n\n\n\n<p>As taxas de juros para as fam\u00edlias do Norte e do Nordeste v\u00e3o variar entre 4,25% e 4,5% ao ano, a depender da renda familiar. J\u00e1 para as que vivem nas demais regi\u00f5es do pa\u00eds, a taxa vai ser de 5%.&nbsp;<\/p>\n\n\n\n<p>Fonte: <a href=\"https:\/\/brasil61.com\/noticias\/senado-aprova-programa-habitacional-casa-verde-e-amarela-bras202961?email=bethdeoliveira@yahoo.com.br&amp;utm_source=newsletter&amp;utm_medium=newsletter&amp;utm_campaign=newsletter\" target=\"_blank\" rel=\"noreferrer noopener\">Brasil 61<\/a><\/p>\n","protected":false},"excerpt":{"rendered":"<p>Sucessor do Minha Casa, Minha Vida, programa atua em tr\u00eas frentes: financiamento habitacional, regulariza\u00e7\u00e3o fundi\u00e1ria<\/p>\n","protected":false},"author":2,"featured_media":7941,"comment_status":"open","ping_status":"open","sticky":false,"template":"","format":"standard","meta":{"footnotes":""},"categories":[14],"tags":[],"class_list":["post-7940","post","type-post","status-publish","format-standard","has-post-thumbnail","hentry","category-pais"],"_links":{"self":[{"href":"https:\/\/tvc16.com\/portal\/wp-json\/wp\/v2\/posts\/7940","targetHints":{"allow":["GET"]}}],"collection":[{"href":"https:\/\/tvc16.com\/portal\/wp-json\/wp\/v2\/posts"}],"about":[{"href":"https:\/\/tvc16.com\/portal\/wp-json\/wp\/v2\/types\/post"}],"author":[{"embeddable":true,"href":"https:\/\/tvc16.com\/portal\/wp-json\/wp\/v2\/users\/2"}],"replies":[{"embeddable":true,"href":"https:\/\/tvc16.com\/portal\/wp-json\/wp\/v2\/comments?post=7940"}],"version-history":[{"count":1,"href":"https:\/\/tvc16.com\/portal\/wp-json\/wp\/v2\/posts\/7940\/revisions"}],"predecessor-version":[{"id":7942,"href":"https:\/\/tvc16.com\/portal\/wp-json\/wp\/v2\/posts\/7940\/revisions\/7942"}],"wp:featuredmedia":[{"embeddable":true,"href":"https:\/\/tvc16.com\/portal\/wp-json\/wp\/v2\/media\/7941"}],"wp:attachment":[{"href":"https:\/\/tvc16.com\/portal\/wp-json\/wp\/v2\/media?parent=7940"}],"wp:term":[{"taxonomy":"category","embeddable":true,"href":"https:\/\/tvc16.com\/portal\/wp-json\/wp\/v2\/categories?post=7940"},{"taxonomy":"post_tag","embeddable":true,"href":"https:\/\/tvc16.com\/portal\/wp-json\/wp\/v2\/tags?post=7940"}],"curies":[{"name":"wp","href":"https:\/\/api.w.org\/{rel}","templated":true}]}}