{"id":7947,"date":"2020-12-10T15:20:15","date_gmt":"2020-12-10T18:20:15","guid":{"rendered":"https:\/\/tvc16.com\/portal\/?p=7947"},"modified":"2020-12-10T15:20:18","modified_gmt":"2020-12-10T18:20:18","slug":"nao-havera-prorrogacao-do-orcamento-de-guerra-nem-do-estado-de-calamidade-afirma-maia","status":"publish","type":"post","link":"https:\/\/tvc16.com\/portal\/2020\/12\/10\/nao-havera-prorrogacao-do-orcamento-de-guerra-nem-do-estado-de-calamidade-afirma-maia\/","title":{"rendered":"N\u00e3o haver\u00e1 prorroga\u00e7\u00e3o do &#8220;or\u00e7amento de guerra&#8221;, nem do estado de calamidade, afirma Maia"},"content":{"rendered":"\n<p>Segundo o presidente da C\u00e2mara, o governo ter\u00e1 que organizar o or\u00e7amento de 2021 dentro das atuais regras fiscais, levando em conta, inclusive, a regra de ouro e a Lei de Responsabilidade Fiscal<\/p>\n\n\n\n<p>O Brasil n\u00e3o vai ter prorroga\u00e7\u00e3o do estado de calamidade nem do chamado \u201cor\u00e7amento de guerra\u201d. Foi o que afirmou o presidente da <a href=\"https:\/\/www.camara.leg.br\/\">C\u00e2mara dos Deputados<\/a>, <a href=\"https:\/\/www.camara.leg.br\/deputados\/74693\">Rodrigo Maia<\/a> (DEM-RJ). Segundo o parlamentar, o governo ter\u00e1 que organizar o or\u00e7amento de 2021 dentro das atuais regras fiscais, levando em conta, inclusive, a regra de ouro e a Lei de Responsabilidade Fiscal.<\/p>\n\n\n\n<p>Na avalia\u00e7\u00e3o de Rodrigo Maia, a pauta econ\u00f4mica deve ser prioridade para o pr\u00f3ximo ano. Nesse contexto, ele criticou o governo pelo atraso de um ano na vota\u00e7\u00e3o da PEC Emergencial. A proposta, que atualmente est\u00e1 sob an\u00e1lise do Senado Federal, regulamenta os gatilhos fiscais a serem acionados em caso de amea\u00e7a ao limite de despesas do governo.<\/p>\n\n\n\n<p>O presidente da C\u00e2mara tamb\u00e9m defendeu a convoca\u00e7\u00e3o do Congresso em janeiro para votar, aprovar e promulgar essa PEC. Segundo o congressista, o Or\u00e7amento de 2021 s\u00f3 poder\u00e1 ser aprovado ap\u00f3s a promulga\u00e7\u00e3o da PEC pelo Congresso Nacional.<\/p>\n\n\n\n<p><\/p>\n\n\n\n<p>Apesar de ainda n\u00e3o ter escolhido seu sucessor, Maia destacou que o ideal \u00e9 um parlamentar que possa unificar a C\u00e2mara dos Deputados e garantir a independ\u00eancia de outros Poderes e o fortalecimento da democracia no Pa\u00eds. Ele ressaltou que o nome do seu grupo pol\u00edtico ser\u00e1 uma constru\u00e7\u00e3o coletiva e n\u00e3o uma imposi\u00e7\u00e3o individual decidida por ele.<\/p>\n\n\n\n<p>Fonte: <a href=\"https:\/\/brasil61.com\/noticias\/nao-havera-prorrogacao-do-orcamento-de-guerra-nem-do-estado-de-calamidade-afirma-maia-bras202964?email=bethdeoliveira@yahoo.com.br&amp;utm_source=newsletter&amp;utm_medium=newsletter&amp;utm_campaign=newsletter\" target=\"_blank\" rel=\"noreferrer noopener\">Brasil 61<\/a><\/p>\n","protected":false},"excerpt":{"rendered":"<p>Segundo o presidente da C\u00e2mara, o governo ter\u00e1 que organizar o or\u00e7amento de 2021 dentro<\/p>\n","protected":false},"author":2,"featured_media":7948,"comment_status":"open","ping_status":"open","sticky":false,"template":"","format":"standard","meta":{"footnotes":""},"categories":[15],"tags":[],"class_list":["post-7947","post","type-post","status-publish","format-standard","has-post-thumbnail","hentry","category-politica"],"_links":{"self":[{"href":"https:\/\/tvc16.com\/portal\/wp-json\/wp\/v2\/posts\/7947","targetHints":{"allow":["GET"]}}],"collection":[{"href":"https:\/\/tvc16.com\/portal\/wp-json\/wp\/v2\/posts"}],"about":[{"href":"https:\/\/tvc16.com\/portal\/wp-json\/wp\/v2\/types\/post"}],"author":[{"embeddable":true,"href":"https:\/\/tvc16.com\/portal\/wp-json\/wp\/v2\/users\/2"}],"replies":[{"embeddable":true,"href":"https:\/\/tvc16.com\/portal\/wp-json\/wp\/v2\/comments?post=7947"}],"version-history":[{"count":1,"href":"https:\/\/tvc16.com\/portal\/wp-json\/wp\/v2\/posts\/7947\/revisions"}],"predecessor-version":[{"id":7949,"href":"https:\/\/tvc16.com\/portal\/wp-json\/wp\/v2\/posts\/7947\/revisions\/7949"}],"wp:featuredmedia":[{"embeddable":true,"href":"https:\/\/tvc16.com\/portal\/wp-json\/wp\/v2\/media\/7948"}],"wp:attachment":[{"href":"https:\/\/tvc16.com\/portal\/wp-json\/wp\/v2\/media?parent=7947"}],"wp:term":[{"taxonomy":"category","embeddable":true,"href":"https:\/\/tvc16.com\/portal\/wp-json\/wp\/v2\/categories?post=7947"},{"taxonomy":"post_tag","embeddable":true,"href":"https:\/\/tvc16.com\/portal\/wp-json\/wp\/v2\/tags?post=7947"}],"curies":[{"name":"wp","href":"https:\/\/api.w.org\/{rel}","templated":true}]}}