{"id":796,"date":"2020-09-21T12:23:51","date_gmt":"2020-09-21T12:23:51","guid":{"rendered":"https:\/\/tvc16.com\/portal\/?p=796"},"modified":"2020-09-21T23:51:20","modified_gmt":"2020-09-21T23:51:20","slug":"covid-19-maioria-dos-estados-segue-sem-aulas-presenciais","status":"publish","type":"post","link":"https:\/\/tvc16.com\/portal\/2020\/09\/21\/covid-19-maioria-dos-estados-segue-sem-aulas-presenciais\/","title":{"rendered":"Covid-19: maioria dos estados segue sem aulas presenciais"},"content":{"rendered":"\n<p>Com um ind\u00edcio de queda nas curvas de mortes e casos por covid-19, um dos principais temas nos processos de reabertura econ\u00f4mica e flexibiliza\u00e7\u00e3o do isolamento nos estados tem sido a situa\u00e7\u00e3o das aulas nas redes de ensino. At\u00e9 o momento a maioria dos estados segue sem aulas presenciais. <\/p>\n\n\n\n<p>As atividades pedag\u00f3gicas presenciais reiniciaram primeiramente no estado do Amazonas, em agosto. L\u00e1, a preocupa\u00e7\u00e3o agora \u00e9 com o monitoramento dos profissionais de educa\u00e7\u00e3o e alunos, que vem ensejando uma disputa judicial entre professores e o governo estadual. A contenda tamb\u00e9m ocorre no Rio de Janeiro, em rela\u00e7\u00e3o \u00e0s aulas na rede privada.<\/p>\n\n\n\n<p>No Rio Grande do Sul o calend\u00e1rio iniciou em setembro pela educa\u00e7\u00e3o infantil, com previs\u00e3o de t\u00e9rmino para novembro. No Par\u00e1, o governo autorizou aulas presenciais nas regi\u00f5es classificadas nas bandeiras Amarela, Verde e Azul.<\/p>\n\n\n\n<p>Rond\u00f4nia adiou o in\u00edcio das aulas at\u00e9 o dia 3 de novembro. O Rio Grande do Norte suspendeu as aulas at\u00e9 o fim do ano. Em outros estados n\u00e3o h\u00e1 defini\u00e7\u00e3o de data de retorno. Est\u00e3o neste grupo Distrito Federal, Goi\u00e1s, Pernambuco, Cear\u00e1, Alagoas, Maranh\u00e3o, Bahia, Paran\u00e1, Mato Grosso, Acre e Roraima.<\/p>\n\n\n\n<p>Contudo, em alguns estados foi decretado o retorno das atividades pedag\u00f3gicas remotas. O governo de Mato Grosso havia determinado a volta nessa modalidade para a educa\u00e7\u00e3o b\u00e1sica no in\u00edcio de agosto, mesma situa\u00e7\u00e3o do Amap\u00e1. No estado, as aulas em casa foram permitidas tamb\u00e9m para os alunos da Universidade Estadual (Ueap).<\/p>\n\n\n\n<p>No Tocantins, o ensino remoto foi definido para os alunos do ensino fundamental da rede estadual no dia 10 de setembro. Em Alagoas, a retomada por meio de aulas remotas ocorreu no dia 17 de setembro. Em Minas Gerais, foi autorizado o retorno das aulas pr\u00e1ticas dos cursos de sa\u00fade apenas, que passaram a ser consideradas servi\u00e7o essencial.<\/p>\n\n\n\n<p>No Rio de Janeiro, a volta \u00e0s aulas na rede particular est\u00e1 em disputa judicial, enquanto a regi\u00e3o metropolitana teve piora nos indicadores de risco para covid-19 e pode retroceder na classifica\u00e7\u00e3o.<\/p>\n\n\n\n<p>Jonas Valente, Ludmilla Souza e Akemi Nitahara &#8211; Rep\u00f3rteres da Ag\u00eancia Brasil &#8211; Bras\u00edliaEdi\u00e7\u00e3o: Denise Griesinger<\/p>\n","protected":false},"excerpt":{"rendered":"<p>Com um ind\u00edcio de queda nas curvas de mortes e casos por covid-19, um dos<\/p>\n","protected":false},"author":2,"featured_media":797,"comment_status":"open","ping_status":"open","sticky":false,"template":"","format":"standard","meta":{"footnotes":""},"categories":[17],"tags":[],"class_list":["post-796","post","type-post","status-publish","format-standard","has-post-thumbnail","hentry","category-outras-noticias"],"_links":{"self":[{"href":"https:\/\/tvc16.com\/portal\/wp-json\/wp\/v2\/posts\/796","targetHints":{"allow":["GET"]}}],"collection":[{"href":"https:\/\/tvc16.com\/portal\/wp-json\/wp\/v2\/posts"}],"about":[{"href":"https:\/\/tvc16.com\/portal\/wp-json\/wp\/v2\/types\/post"}],"author":[{"embeddable":true,"href":"https:\/\/tvc16.com\/portal\/wp-json\/wp\/v2\/users\/2"}],"replies":[{"embeddable":true,"href":"https:\/\/tvc16.com\/portal\/wp-json\/wp\/v2\/comments?post=796"}],"version-history":[{"count":1,"href":"https:\/\/tvc16.com\/portal\/wp-json\/wp\/v2\/posts\/796\/revisions"}],"predecessor-version":[{"id":798,"href":"https:\/\/tvc16.com\/portal\/wp-json\/wp\/v2\/posts\/796\/revisions\/798"}],"wp:featuredmedia":[{"embeddable":true,"href":"https:\/\/tvc16.com\/portal\/wp-json\/wp\/v2\/media\/797"}],"wp:attachment":[{"href":"https:\/\/tvc16.com\/portal\/wp-json\/wp\/v2\/media?parent=796"}],"wp:term":[{"taxonomy":"category","embeddable":true,"href":"https:\/\/tvc16.com\/portal\/wp-json\/wp\/v2\/categories?post=796"},{"taxonomy":"post_tag","embeddable":true,"href":"https:\/\/tvc16.com\/portal\/wp-json\/wp\/v2\/tags?post=796"}],"curies":[{"name":"wp","href":"https:\/\/api.w.org\/{rel}","templated":true}]}}