{"id":7960,"date":"2020-12-10T15:35:31","date_gmt":"2020-12-10T18:35:31","guid":{"rendered":"https:\/\/tvc16.com\/portal\/?p=7960"},"modified":"2020-12-10T15:35:34","modified_gmt":"2020-12-10T18:35:34","slug":"vendas-do-varejo-sobem-09-em-outubro-diz-ibge","status":"publish","type":"post","link":"https:\/\/tvc16.com\/portal\/2020\/12\/10\/vendas-do-varejo-sobem-09-em-outubro-diz-ibge\/","title":{"rendered":"Vendas do varejo sobem 0,9% em outubro, diz IBGE"},"content":{"rendered":"\n<h3 class=\"wp-block-heading\">Essa foi a sexta alta consecutiva do setor<\/h3>\n\n\n\n<p>O volume de vendas do com\u00e9rcio varejista no pa\u00eds teve alta de 0,9% na passagem de setembro para outubro deste ano. Essa foi a sexta alta consecutiva do setor, que apresenta resultados positivos desde maio deste ano. Os dados da Pesquisa Mensal do Com\u00e9rcio (PMC) foram divulgados hoje (10) pelo Instituto Brasileiro de Geografia e Estat\u00edstica (IBGE).<img decoding=\"async\" src=\"https:\/\/agenciabrasil.ebc.com.br\/ebc.png?id=1396056&amp;o=node\"><img decoding=\"async\" src=\"https:\/\/agenciabrasil.ebc.com.br\/ebc.gif?id=1396056&amp;o=node\"><\/p>\n\n\n\n<p>O varejo tamb\u00e9m teve altas de 1,4% na m\u00e9dia m\u00f3vel trimestral, de 8,3% na compara\u00e7\u00e3o com outubro de 2019, de 0,9% no acumulado do ano e de 1,3% no acumulado de 12 meses.<\/p>\n\n\n\n<p>Na passagem de setembro para outubro, sete das oito atividades pesquisadas tiveram alta: tecidos, vestu\u00e1rio e cal\u00e7ados (6,6%), livros, jornais, revistas e papelaria (6,6%), equipamentos e material para escrit\u00f3rio, inform\u00e1tica e comunica\u00e7\u00e3o (3,7%), artigos farmac\u00eauticos, m\u00e9dicos, ortop\u00e9dicos, de perfumaria e cosm\u00e9ticos (2,3%), outros artigos de uso pessoal e dom\u00e9stico (1,9%), combust\u00edveis e lubrificantes (1,1%) e hipermercados, supermercados, produtos aliment\u00edcios, bebidas e fumo (0,6%).<\/p>\n\n\n\n<p>A exce\u00e7\u00e3o ficou por conta do segmento de m\u00f3veis e eletrodom\u00e9sticos, que recuou 1,1% de setembro para outubro.<\/p>\n\n\n\n<p>No varejo ampliado, que inclui tamb\u00e9m a an\u00e1lise dos setores de ve\u00edculos, motos, partes e pe\u00e7as e de materiais de constru\u00e7\u00e3o, a alta do volume de vendas chegou a 2,1%, devido aos crescimentos de 4,8% dos ve\u00edculos e pe\u00e7as e de 0,2% dos materiais de constru\u00e7\u00e3o.<\/p>\n\n\n\n<p>O varejo ampliado cresceu 6% na compara\u00e7\u00e3o com outubro, mas recuou 2,6% no acumulado do ano e 1,4% no acumulado de 12 meses.<\/p>\n\n\n\n<p>Em rela\u00e7\u00e3o \u00e0 receita nominal, o com\u00e9rcio varejista cresceu 2% na compara\u00e7\u00e3o com setembro deste ano, 15,9% em rela\u00e7\u00e3o a outubro de 2019, 4,9% no acumulado do ano e 5,1% no acumulado de 12 meses.<\/p>\n\n\n\n<p>J\u00e1 o varejo ampliado teve, em sua receita nominal, altas de 3,1% na compara\u00e7\u00e3o com o setembro, 13,4% em rela\u00e7\u00e3o a outubro do ano passado, 1,3% no acumulado do ano e 2,2% no acumulado de 12 meses.<\/p>\n\n\n\n<p>Edi\u00e7\u00e3o: Val\u00e9ria Aguiar<\/p>\n","protected":false},"excerpt":{"rendered":"<p>Essa foi a sexta alta consecutiva do setor O volume de vendas do com\u00e9rcio varejista<\/p>\n","protected":false},"author":2,"featured_media":7961,"comment_status":"open","ping_status":"open","sticky":false,"template":"","format":"standard","meta":{"footnotes":""},"categories":[18],"tags":[],"class_list":["post-7960","post","type-post","status-publish","format-standard","has-post-thumbnail","hentry","category-economia"],"_links":{"self":[{"href":"https:\/\/tvc16.com\/portal\/wp-json\/wp\/v2\/posts\/7960","targetHints":{"allow":["GET"]}}],"collection":[{"href":"https:\/\/tvc16.com\/portal\/wp-json\/wp\/v2\/posts"}],"about":[{"href":"https:\/\/tvc16.com\/portal\/wp-json\/wp\/v2\/types\/post"}],"author":[{"embeddable":true,"href":"https:\/\/tvc16.com\/portal\/wp-json\/wp\/v2\/users\/2"}],"replies":[{"embeddable":true,"href":"https:\/\/tvc16.com\/portal\/wp-json\/wp\/v2\/comments?post=7960"}],"version-history":[{"count":1,"href":"https:\/\/tvc16.com\/portal\/wp-json\/wp\/v2\/posts\/7960\/revisions"}],"predecessor-version":[{"id":7962,"href":"https:\/\/tvc16.com\/portal\/wp-json\/wp\/v2\/posts\/7960\/revisions\/7962"}],"wp:featuredmedia":[{"embeddable":true,"href":"https:\/\/tvc16.com\/portal\/wp-json\/wp\/v2\/media\/7961"}],"wp:attachment":[{"href":"https:\/\/tvc16.com\/portal\/wp-json\/wp\/v2\/media?parent=7960"}],"wp:term":[{"taxonomy":"category","embeddable":true,"href":"https:\/\/tvc16.com\/portal\/wp-json\/wp\/v2\/categories?post=7960"},{"taxonomy":"post_tag","embeddable":true,"href":"https:\/\/tvc16.com\/portal\/wp-json\/wp\/v2\/tags?post=7960"}],"curies":[{"name":"wp","href":"https:\/\/api.w.org\/{rel}","templated":true}]}}