{"id":7963,"date":"2020-12-10T15:46:39","date_gmt":"2020-12-10T18:46:39","guid":{"rendered":"https:\/\/tvc16.com\/portal\/?p=7963"},"modified":"2020-12-10T15:54:48","modified_gmt":"2020-12-10T18:54:48","slug":"nova-loja-do-bramil-supermercados-sera-inaugurada-em-volta-redonda","status":"publish","type":"post","link":"https:\/\/tvc16.com\/portal\/2020\/12\/10\/nova-loja-do-bramil-supermercados-sera-inaugurada-em-volta-redonda\/","title":{"rendered":"Nova loja do Bramil Supermercados ser\u00e1 inaugurada em Volta Redonda"},"content":{"rendered":"\n<p>Empreendimento resultar\u00e1 na gera\u00e7\u00e3o de 200 empregos diretos<\/p>\n\n\n\n<figure class=\"wp-block-image size-large is-style-rounded\"><img loading=\"lazy\" decoding=\"async\" width=\"1024\" height=\"576\" src=\"https:\/\/tvc16.com\/portal\/wp-content\/uploads\/2020\/12\/WhatsApp-Image-2020-11-25-at-11_17_32-1-1024x576.jpeg\" alt=\"\" class=\"wp-image-7965\" srcset=\"https:\/\/tvc16.com\/portal\/wp-content\/uploads\/2020\/12\/WhatsApp-Image-2020-11-25-at-11_17_32-1-1024x576.jpeg 1024w, https:\/\/tvc16.com\/portal\/wp-content\/uploads\/2020\/12\/WhatsApp-Image-2020-11-25-at-11_17_32-1-300x169.jpeg 300w, https:\/\/tvc16.com\/portal\/wp-content\/uploads\/2020\/12\/WhatsApp-Image-2020-11-25-at-11_17_32-1-768x432.jpeg 768w, https:\/\/tvc16.com\/portal\/wp-content\/uploads\/2020\/12\/WhatsApp-Image-2020-11-25-at-11_17_32-1.jpeg 1280w\" sizes=\"auto, (max-width: 1024px) 100vw, 1024px\" \/><\/figure>\n\n\n\n<p>Na segunda quinzena de dezembro ser\u00e1 inaugurada a nova loja do Bramil Supermercados no bairro Santo Agostinho, em Volta Redonda. A expectativa \u00e9 que o estabelecimento gere mais de 200 empregos diretos. Fator de extrema import\u00e2ncia, tendo em vista o momento econ\u00f4mico que o pa\u00eds vive em decorr\u00eancia da pandemia.<br>No valor de R$ 16 milh\u00f5es, o empreendimento contar\u00e1 com tr\u00eas fases de investimentos. A primeira delas consiste no supermercado, a segunda na instala\u00e7\u00e3o das lojas \u00e2ncoras (que poder\u00e3o contar com a presen\u00e7a de grandes filiais), e a terceira no complexo comercial que reunir\u00e1 diferentes lojas com o objetivo de oferecer servi\u00e7os que a comunidade local ainda n\u00e3o possui.<br>A \u00e1rea de venda tem 2.000 m\u00b2, conta com 300 vagas de estacionamento e 12 mil produtos cadastrados na loja &#8211; localizada no maior bairro do munic\u00edpio. O projeto foi aprovado pela prefeitura, que se mostrou satisfeita com a perman\u00eancia da rede no munic\u00edpio. \u201cVolta Redonda \u00e9 uma cidade que est\u00e1 alinhada com o nosso objetivo de levar produtos de qualidade, conforto e melhores pre\u00e7os aos clientes. Acreditamos que juntos podemos crescer cada vez mais\u201d, disse o respons\u00e1vel pelas obras do Grupo Mil, Andr\u00e9 Saggioro.<br>Para o diretor do Grupo Mil, Josemo J\u00fanior, a amplia\u00e7\u00e3o da rede e do Grupo Mil como um todo \u00e9 uma das metas para o pr\u00f3ximo ano. \u201cEstamos crescendo em todas as atividades que atuamos, principalmente nas relacionadas \u00e0 constru\u00e7\u00e3o civil. Entretanto, nosso foco em 2021 ser\u00e1 justamente impulsionar \u00a0as vendas de varejo, com mais lojas e a cria\u00e7\u00e3o de novas bandeiras\u201d, salientou.<\/p>\n\n\n\n<figure class=\"wp-block-image size-large is-style-rounded\"><img loading=\"lazy\" decoding=\"async\" width=\"683\" height=\"1024\" src=\"https:\/\/tvc16.com\/portal\/wp-content\/uploads\/2020\/12\/WhatsApp-Image-2020-11-25-at-11_17_32-683x1024.jpeg\" alt=\"\" class=\"wp-image-7964\" srcset=\"https:\/\/tvc16.com\/portal\/wp-content\/uploads\/2020\/12\/WhatsApp-Image-2020-11-25-at-11_17_32-683x1024.jpeg 683w, https:\/\/tvc16.com\/portal\/wp-content\/uploads\/2020\/12\/WhatsApp-Image-2020-11-25-at-11_17_32-200x300.jpeg 200w, https:\/\/tvc16.com\/portal\/wp-content\/uploads\/2020\/12\/WhatsApp-Image-2020-11-25-at-11_17_32-768x1152.jpeg 768w, https:\/\/tvc16.com\/portal\/wp-content\/uploads\/2020\/12\/WhatsApp-Image-2020-11-25-at-11_17_32.jpeg 816w\" sizes=\"auto, (max-width: 683px) 100vw, 683px\" \/><figcaption>Diretor do Grupo Mil, Josemo J\u00fanior,<\/figcaption><\/figure>\n","protected":false},"excerpt":{"rendered":"<p>Empreendimento resultar\u00e1 na gera\u00e7\u00e3o de 200 empregos diretos Na segunda quinzena de dezembro ser\u00e1 inaugurada<\/p>\n","protected":false},"author":2,"featured_media":7966,"comment_status":"open","ping_status":"open","sticky":false,"template":"","format":"standard","meta":{"footnotes":""},"categories":[18],"tags":[],"class_list":["post-7963","post","type-post","status-publish","format-standard","has-post-thumbnail","hentry","category-economia"],"_links":{"self":[{"href":"https:\/\/tvc16.com\/portal\/wp-json\/wp\/v2\/posts\/7963","targetHints":{"allow":["GET"]}}],"collection":[{"href":"https:\/\/tvc16.com\/portal\/wp-json\/wp\/v2\/posts"}],"about":[{"href":"https:\/\/tvc16.com\/portal\/wp-json\/wp\/v2\/types\/post"}],"author":[{"embeddable":true,"href":"https:\/\/tvc16.com\/portal\/wp-json\/wp\/v2\/users\/2"}],"replies":[{"embeddable":true,"href":"https:\/\/tvc16.com\/portal\/wp-json\/wp\/v2\/comments?post=7963"}],"version-history":[{"count":2,"href":"https:\/\/tvc16.com\/portal\/wp-json\/wp\/v2\/posts\/7963\/revisions"}],"predecessor-version":[{"id":7969,"href":"https:\/\/tvc16.com\/portal\/wp-json\/wp\/v2\/posts\/7963\/revisions\/7969"}],"wp:featuredmedia":[{"embeddable":true,"href":"https:\/\/tvc16.com\/portal\/wp-json\/wp\/v2\/media\/7966"}],"wp:attachment":[{"href":"https:\/\/tvc16.com\/portal\/wp-json\/wp\/v2\/media?parent=7963"}],"wp:term":[{"taxonomy":"category","embeddable":true,"href":"https:\/\/tvc16.com\/portal\/wp-json\/wp\/v2\/categories?post=7963"},{"taxonomy":"post_tag","embeddable":true,"href":"https:\/\/tvc16.com\/portal\/wp-json\/wp\/v2\/tags?post=7963"}],"curies":[{"name":"wp","href":"https:\/\/api.w.org\/{rel}","templated":true}]}}