{"id":7968,"date":"2020-12-10T15:55:52","date_gmt":"2020-12-10T18:55:52","guid":{"rendered":"https:\/\/tvc16.com\/portal\/?p=7968"},"modified":"2020-12-10T15:55:55","modified_gmt":"2020-12-10T18:55:55","slug":"cedae-firma-acordo-para-regularizar-abastecimento-de-agua-no-rio","status":"publish","type":"post","link":"https:\/\/tvc16.com\/portal\/2020\/12\/10\/cedae-firma-acordo-para-regularizar-abastecimento-de-agua-no-rio\/","title":{"rendered":"Cedae firma acordo para regularizar abastecimento de \u00e1gua no Rio"},"content":{"rendered":"\n<h3 class=\"wp-block-heading\">Reparos em uma elevat\u00f3ria prejudicam o servi\u00e7o desde o m\u00eas passado<\/h3>\n\n\n\n<p>O Minist\u00e9rio P\u00fablico, a Defensoria P\u00fablica e a Companhia Estadual de \u00c1guas e Esgotos (Cedae) firmaram um acordo na 8\u00aa Vara de Fazenda P\u00fablica do Rio de Janeiro para regularizar o abastecimento de \u00e1gua no Rio de Janeiro e em Nil\u00f3polis. Desde o m\u00eas passado, o fornecimento do servi\u00e7o para os munic\u00edpios est\u00e1 sendo prejudicado por um reparo emergencial na Elevat\u00f3ria do Lameir\u00e3o, que tem operado com 75% de sua capacidade e s\u00f3 deve voltar \u00e0 normalidade no dia 23 deste m\u00eas.<img decoding=\"async\" src=\"https:\/\/agenciabrasil.ebc.com.br\/ebc.png?id=1396090&amp;o=node\"><img decoding=\"async\" src=\"https:\/\/agenciabrasil.ebc.com.br\/ebc.gif?id=1396090&amp;o=node\"><\/p>\n\n\n\n<p>Segundo o Tribunal de Justi\u00e7a do Estado do Rio de Janeiro, o acordo foi fechado entre as partes em audi\u00eancia virtual realizada ontem (9), e o documento ser\u00e1 submetido hoje (10) \u00e0 an\u00e1lise da ju\u00edza Alessandra Cristina Tufvesson Peixoto, para decidir pela sua homologa\u00e7\u00e3o. \u00a0<br><br>O compromisso firmado na Justi\u00e7a exige que a Cedae tome medidas como a de garantir o acesso dos consumidores \u00e0 \u00e1gua pot\u00e1vel de forma regular no prazo de at\u00e9 48 horas, por meio de carros-pipa ou sistema de manobras. A companhia estadual ter\u00e1 48 horas para comunicar ao Minist\u00e9rio P\u00fablico e \u00e0 Defensoria seu plano de a\u00e7\u00e3o para mitigar e prevenir os impactos da redu\u00e7\u00e3o da capacidade de opera\u00e7\u00e3o da elevat\u00f3ria, que bombeia cerca de metade da \u00e1gua enviada pela Esta\u00e7\u00e3o de Tratamento de \u00c1gua do Guandu.<br><br>O acordo tamb\u00e9m determina que a Cedae disponibilize seu plano de a\u00e7\u00e3o na internet em at\u00e9 dois dias \u00fateis e informe, diariamente, os locais onde h\u00e1 falta ou interrup\u00e7\u00f5es no abastecimento. O acordo prev\u00ea multas di\u00e1rias em caso de descumprimento das medidas.<br><br>Outro ponto do acordo determina a cria\u00e7\u00e3o de um comit\u00ea de crise com representantes da diretoria e t\u00e9cnicos da Cedae, representantes da Universidade Federal Fluminense (UFF), Funda\u00e7\u00e3o Oswaldo Cruz (Fiocruz), Defensoria P\u00fablica, do Minist\u00e9rio P\u00fablico e da Ag\u00eancia Reguladora de Energia e Saneamento B\u00e1sico do Estado do Rio de Janeiro (Agenersa).<\/p>\n\n\n\n<p>Rep\u00f3rter da Ag\u00eancia Brasil &#8211; Rio de Janeiro<\/p>\n\n\n\n<p>Edi\u00e7\u00e3o: N\u00e1dia Franco<\/p>\n","protected":false},"excerpt":{"rendered":"<p>Reparos em uma elevat\u00f3ria prejudicam o servi\u00e7o desde o m\u00eas passado O Minist\u00e9rio P\u00fablico, a<\/p>\n","protected":false},"author":2,"featured_media":7970,"comment_status":"open","ping_status":"open","sticky":false,"template":"","format":"standard","meta":{"footnotes":""},"categories":[17],"tags":[],"class_list":["post-7968","post","type-post","status-publish","format-standard","has-post-thumbnail","hentry","category-outras-noticias"],"_links":{"self":[{"href":"https:\/\/tvc16.com\/portal\/wp-json\/wp\/v2\/posts\/7968","targetHints":{"allow":["GET"]}}],"collection":[{"href":"https:\/\/tvc16.com\/portal\/wp-json\/wp\/v2\/posts"}],"about":[{"href":"https:\/\/tvc16.com\/portal\/wp-json\/wp\/v2\/types\/post"}],"author":[{"embeddable":true,"href":"https:\/\/tvc16.com\/portal\/wp-json\/wp\/v2\/users\/2"}],"replies":[{"embeddable":true,"href":"https:\/\/tvc16.com\/portal\/wp-json\/wp\/v2\/comments?post=7968"}],"version-history":[{"count":1,"href":"https:\/\/tvc16.com\/portal\/wp-json\/wp\/v2\/posts\/7968\/revisions"}],"predecessor-version":[{"id":7971,"href":"https:\/\/tvc16.com\/portal\/wp-json\/wp\/v2\/posts\/7968\/revisions\/7971"}],"wp:featuredmedia":[{"embeddable":true,"href":"https:\/\/tvc16.com\/portal\/wp-json\/wp\/v2\/media\/7970"}],"wp:attachment":[{"href":"https:\/\/tvc16.com\/portal\/wp-json\/wp\/v2\/media?parent=7968"}],"wp:term":[{"taxonomy":"category","embeddable":true,"href":"https:\/\/tvc16.com\/portal\/wp-json\/wp\/v2\/categories?post=7968"},{"taxonomy":"post_tag","embeddable":true,"href":"https:\/\/tvc16.com\/portal\/wp-json\/wp\/v2\/tags?post=7968"}],"curies":[{"name":"wp","href":"https:\/\/api.w.org\/{rel}","templated":true}]}}