{"id":7972,"date":"2020-12-10T15:58:51","date_gmt":"2020-12-10T18:58:51","guid":{"rendered":"https:\/\/tvc16.com\/portal\/?p=7972"},"modified":"2020-12-10T15:58:54","modified_gmt":"2020-12-10T18:58:54","slug":"e-menos-ruim-ter-inflacao-que-um-desabastecimento-diz-bolsonaro","status":"publish","type":"post","link":"https:\/\/tvc16.com\/portal\/2020\/12\/10\/e-menos-ruim-ter-inflacao-que-um-desabastecimento-diz-bolsonaro\/","title":{"rendered":"\u201c\u00c9 menos ruim ter infla\u00e7\u00e3o que um desabastecimento\u201d, diz Bolsonaro"},"content":{"rendered":"\n<h3 class=\"wp-block-heading\">Presidente inaugurou eixo da nova ponte do Gua\u00edba, em Porto Alegre<\/h3>\n\n\n\n<p>Em visita ao Rio Grande do Sul nesta quinta-feira (10) para na inaugura\u00e7\u00e3o do eixo principal da nova ponte do Gua\u00edba, em Porto Alegre, o presidente Jair Bolsonaro avaliou que \u201c\u00e9 menos ruim ter infla\u00e7\u00e3o que um desabastecimento\u201d.<img decoding=\"async\" src=\"https:\/\/agenciabrasil.ebc.com.br\/ebc.png?id=1396072&amp;o=node\"><img decoding=\"async\" src=\"https:\/\/agenciabrasil.ebc.com.br\/ebc.gif?id=1396072&amp;o=node\"><\/p>\n\n\n\n<p>Ao falar da disparada de pre\u00e7os em alguns produtos&nbsp;como,&nbsp;por exemplo, o arroz e \u00f3leo de soja, Bolsonaro afirmou que se o homem do campo tivesse ficado em casa, \u201cteria sido um caos\u201d. \u201cAinda estamos vivendo um finalzinho de pandemia. O nosso governo, levando-se em conta outros pa\u00edses do mundo, foi aquele que melhor se saiu, ou um dos que melhor se sa\u00edram no tocante \u00e0 economia.&nbsp; Prestamos todo os apoios poss\u00edveis a estados e munic\u00edpios. O aux\u00edlio emergencial foi diretamente na veia, diretamente na conta de 67 milh\u00f5es de brasileiros, que precisavam realmente disso a\u00ed. Isso fez tamb\u00e9m movimentar a tamb\u00e9m economia de estados e munic\u00edpios&#8221;, destacou.<\/p>\n\n\n\n<p>O presidente tamb\u00e9m lembrou o Programa Nacional de Apoio \u00e0s Microempresas e Empresas de Pequeno Porte (Pronampe), que socorreu micro e pequenas empresas durante a pandemia. \u201cN\u00f3s evitamos um colapso da economia. Meus senhores, economia e sa\u00fade t\u00eam que andar de m\u00e3os dadas\u201d, acrescentou.<\/p>\n\n\n\n<h2 class=\"wp-block-heading\">Covid-19<\/h2>\n\n\n\n<p>O presidente foi recebido no aeroporto Salgado Filho pelo governador do estado, Eduardo Leite, e os dois conversaram reservadamente sobre o combate \u00e0 covid-19. Leite disse que est\u00e1 confiante em rela\u00e7\u00e3o \u00e0 lideran\u00e7a do governo para coordenar um plano nacional de imuniza\u00e7\u00e3o de todos os brasileiros. \u201cA manifesta\u00e7\u00e3o do presidente, a manifesta\u00e7\u00e3o do ministro [da Sa\u00fade, Eduardo Pazuello] me d\u00e3o conforto e a seguran\u00e7a de que teremos, atrav\u00e9s deste programa, com a responsabilidade da certifica\u00e7\u00e3o da Anvisa, da an\u00e1lise criteriosa dos processos para registro das vacina, a disponibiliza\u00e7\u00e3o para todos os brasileiros, o que ser\u00e1 fundamental para que retomemos a nossa economia\u201d, ressaltou o governador ga\u00facho em discurso na mesma solenidade.<\/p>\n\n\n\n<p>Um plano de vacina\u00e7\u00e3o nacional e simult\u00e2neo em todos os estados brasileiros foi tema essa semana de uma reuni\u00e3o de governadores de v\u00e1rios estados com o ministro da Sa\u00fade. O encontro ocorreu depois que o governador de S\u00e3o Paulo, Jo\u00e3o D\u00f3ria, causou mal estar entre os colegas, por ter anunciado que come\u00e7aria a vacina\u00e7\u00e3o da popula\u00e7\u00e3o de S\u00e3o Paulo contra o novo coronav\u00edrus a partir de 25 de janeiro. Na reuni\u00e3o o ministro disse que nenhum estado ser\u00e1 privilegiado e que a pasta comandar\u00e1 um Plano Nacional de Imuniza\u00e7\u00e3o (PNI) tamb\u00e9m contra a covid-19.<\/p>\n\n\n\n<h2 class=\"wp-block-heading\">Obra<\/h2>\n\n\n\n<p>A nova ponte do Gua\u00edba estava em obras h\u00e1 seis anos. Hoje a estrutura foi entregue parcialmente: os ve\u00edculos poder\u00e3o usar o v\u00e3o principal da nova ponte. Tr\u00eas ramos da interse\u00e7\u00e3o com a\u00a0<em>freeway\u00a0<\/em>devem ser terminados no ano que vem, incluindo o que liga o centro de Porto Alegre ao munic\u00edpio de Gua\u00edba. Ainda na quinta, ser\u00e3o abertos ao tr\u00e1fego mais 27,1 quil\u00f4metros de novas pistas duplicadas da BR-116, em Barra do Ribeiro, no km 330, sentido Interior-Capital. O presidente retorna a Bras\u00edlia no in\u00edcio da tarde.<\/p>\n\n\n\n<p>Karine Melo &#8211; Rep\u00f3rter Ag\u00eancia Brasil &#8211; Bras\u00edlia<\/p>\n\n\n\n<p>Edi\u00e7\u00e3o: Val\u00e9ria Aguiar<\/p>\n","protected":false},"excerpt":{"rendered":"<p>Presidente inaugurou eixo da nova ponte do Gua\u00edba, em Porto Alegre Em visita ao Rio<\/p>\n","protected":false},"author":2,"featured_media":7973,"comment_status":"open","ping_status":"open","sticky":false,"template":"","format":"standard","meta":{"footnotes":""},"categories":[15],"tags":[],"class_list":["post-7972","post","type-post","status-publish","format-standard","has-post-thumbnail","hentry","category-politica"],"_links":{"self":[{"href":"https:\/\/tvc16.com\/portal\/wp-json\/wp\/v2\/posts\/7972","targetHints":{"allow":["GET"]}}],"collection":[{"href":"https:\/\/tvc16.com\/portal\/wp-json\/wp\/v2\/posts"}],"about":[{"href":"https:\/\/tvc16.com\/portal\/wp-json\/wp\/v2\/types\/post"}],"author":[{"embeddable":true,"href":"https:\/\/tvc16.com\/portal\/wp-json\/wp\/v2\/users\/2"}],"replies":[{"embeddable":true,"href":"https:\/\/tvc16.com\/portal\/wp-json\/wp\/v2\/comments?post=7972"}],"version-history":[{"count":1,"href":"https:\/\/tvc16.com\/portal\/wp-json\/wp\/v2\/posts\/7972\/revisions"}],"predecessor-version":[{"id":7974,"href":"https:\/\/tvc16.com\/portal\/wp-json\/wp\/v2\/posts\/7972\/revisions\/7974"}],"wp:featuredmedia":[{"embeddable":true,"href":"https:\/\/tvc16.com\/portal\/wp-json\/wp\/v2\/media\/7973"}],"wp:attachment":[{"href":"https:\/\/tvc16.com\/portal\/wp-json\/wp\/v2\/media?parent=7972"}],"wp:term":[{"taxonomy":"category","embeddable":true,"href":"https:\/\/tvc16.com\/portal\/wp-json\/wp\/v2\/categories?post=7972"},{"taxonomy":"post_tag","embeddable":true,"href":"https:\/\/tvc16.com\/portal\/wp-json\/wp\/v2\/tags?post=7972"}],"curies":[{"name":"wp","href":"https:\/\/api.w.org\/{rel}","templated":true}]}}