{"id":7975,"date":"2020-12-10T16:34:05","date_gmt":"2020-12-10T19:34:05","guid":{"rendered":"https:\/\/tvc16.com\/portal\/?p=7975"},"modified":"2020-12-10T16:34:09","modified_gmt":"2020-12-10T19:34:09","slug":"feirinha-de-itaipava-tem-natal-iluminado-e-a-feirinha-de-luz","status":"publish","type":"post","link":"https:\/\/tvc16.com\/portal\/2020\/12\/10\/feirinha-de-itaipava-tem-natal-iluminado-e-a-feirinha-de-luz\/","title":{"rendered":"Feirinha de Itaipava tem natal iluminado: \u00e9 a Feirinha de Luz"},"content":{"rendered":"\n<p>Evento foi inaugurado na \u00faltima sexta-feira  (4), e segue at\u00e9 dia 31 de dezembro. Para evitar aglomera\u00e7\u00e3o, a Feirinha que normalmente funciona de sexta \u00e0 domingo, neste per\u00edodo natalino est\u00e1 com hor\u00e1rio especial de segunda \u00e0 quinta das 16h \u00e0s 22h e de sexta a domingo das 10h \u00e0s 22h.<\/p>\n\n\n\n<figure class=\"wp-block-image size-large is-style-rounded\"><img loading=\"lazy\" decoding=\"async\" width=\"1024\" height=\"576\" src=\"https:\/\/tvc16.com\/portal\/wp-content\/uploads\/2020\/12\/20201204_191055-1024x576.jpg\" alt=\"\" class=\"wp-image-7976\" srcset=\"https:\/\/tvc16.com\/portal\/wp-content\/uploads\/2020\/12\/20201204_191055-1024x576.jpg 1024w, https:\/\/tvc16.com\/portal\/wp-content\/uploads\/2020\/12\/20201204_191055-300x169.jpg 300w, https:\/\/tvc16.com\/portal\/wp-content\/uploads\/2020\/12\/20201204_191055-768x432.jpg 768w, https:\/\/tvc16.com\/portal\/wp-content\/uploads\/2020\/12\/20201204_191055-1536x864.jpg 1536w, https:\/\/tvc16.com\/portal\/wp-content\/uploads\/2020\/12\/20201204_191055-2048x1152.jpg 2048w\" sizes=\"auto, (max-width: 1024px) 100vw, 1024px\" \/><\/figure>\n\n\n\n<p>Papai Noel, renas, pres\u00e9pio , ursos e muita decora\u00e7\u00e3o natalina fazem da Feirinha de Itaipava o local ideal para fazer compras e passear neste per\u00edodo. <\/p>\n\n\n\n<figure class=\"wp-block-image size-large is-style-rounded\"><img loading=\"lazy\" decoding=\"async\" width=\"1024\" height=\"576\" src=\"https:\/\/tvc16.com\/portal\/wp-content\/uploads\/2020\/12\/20201204_191210-1024x576.jpg\" alt=\"\" class=\"wp-image-7977\" srcset=\"https:\/\/tvc16.com\/portal\/wp-content\/uploads\/2020\/12\/20201204_191210-1024x576.jpg 1024w, https:\/\/tvc16.com\/portal\/wp-content\/uploads\/2020\/12\/20201204_191210-300x169.jpg 300w, https:\/\/tvc16.com\/portal\/wp-content\/uploads\/2020\/12\/20201204_191210-768x432.jpg 768w, https:\/\/tvc16.com\/portal\/wp-content\/uploads\/2020\/12\/20201204_191210-1536x864.jpg 1536w, https:\/\/tvc16.com\/portal\/wp-content\/uploads\/2020\/12\/20201204_191210-2048x1152.jpg 2048w\" sizes=\"auto, (max-width: 1024px) 100vw, 1024px\" \/><figcaption>S\u00e9rgio G-t\u00e3o, presidente da Feirinha, e o papai Noel, ao lado, bombeiro Civil <\/figcaption><\/figure>\n\n\n\n<p>Em funcionamento de domingo a domingo, a dire\u00e7\u00e3o da Feirinha entende que assim, todos podem aproveitar e fazer as compras com seguran\u00e7a. <\/p>\n\n\n\n<p>&#8220;Quando decidimos fazer a Feirinha de Luz, logo pensamos na seguran\u00e7a e na sa\u00fade de todos. Para evitar  aglomera\u00e7\u00f5es, neste per\u00edodo de fim de ano, no meio de uma pandemia, montamos hor\u00e1rios especiais&#8221; , disse S\u00e9rgio G-t\u00e3o, presidente da Associa\u00e7\u00e3o Feirinha de Itaipava. <\/p>\n\n\n\n<figure class=\"wp-block-image size-large is-style-rounded\"><img loading=\"lazy\" decoding=\"async\" width=\"1024\" height=\"576\" src=\"https:\/\/tvc16.com\/portal\/wp-content\/uploads\/2020\/12\/20201204_195432-1024x576.jpg\" alt=\"\" class=\"wp-image-7978\" srcset=\"https:\/\/tvc16.com\/portal\/wp-content\/uploads\/2020\/12\/20201204_195432-1024x576.jpg 1024w, https:\/\/tvc16.com\/portal\/wp-content\/uploads\/2020\/12\/20201204_195432-300x169.jpg 300w, https:\/\/tvc16.com\/portal\/wp-content\/uploads\/2020\/12\/20201204_195432-768x432.jpg 768w, https:\/\/tvc16.com\/portal\/wp-content\/uploads\/2020\/12\/20201204_195432-1536x864.jpg 1536w, https:\/\/tvc16.com\/portal\/wp-content\/uploads\/2020\/12\/20201204_195432-2048x1152.jpg 2048w\" sizes=\"auto, (max-width: 1024px) 100vw, 1024px\" \/><\/figure>\n\n\n\n<p>Outra atra\u00e7\u00e3o da Feirinha de Luz s\u00e3o as miniaturas expostas no local. Tem a Catedral,  o Obelisco,  Pal\u00e1cio de Cristal e muitos outros pontos tur\u00edsticos de Petr\u00f3polis. <\/p>\n\n\n\n<figure class=\"wp-block-image size-large is-style-rounded\"><img loading=\"lazy\" decoding=\"async\" width=\"1024\" height=\"576\" src=\"https:\/\/tvc16.com\/portal\/wp-content\/uploads\/2020\/12\/20201204_195438-1024x576.jpg\" alt=\"\" class=\"wp-image-7979\" srcset=\"https:\/\/tvc16.com\/portal\/wp-content\/uploads\/2020\/12\/20201204_195438-1024x576.jpg 1024w, https:\/\/tvc16.com\/portal\/wp-content\/uploads\/2020\/12\/20201204_195438-300x169.jpg 300w, https:\/\/tvc16.com\/portal\/wp-content\/uploads\/2020\/12\/20201204_195438-768x432.jpg 768w, https:\/\/tvc16.com\/portal\/wp-content\/uploads\/2020\/12\/20201204_195438-1536x864.jpg 1536w, https:\/\/tvc16.com\/portal\/wp-content\/uploads\/2020\/12\/20201204_195438-2048x1152.jpg 2048w\" sizes=\"auto, (max-width: 1024px) 100vw, 1024px\" \/><\/figure>\n","protected":false},"excerpt":{"rendered":"<p>Evento foi inaugurado na \u00faltima sexta-feira (4), e segue at\u00e9 dia 31 de dezembro. Para<\/p>\n","protected":false},"author":2,"featured_media":7980,"comment_status":"open","ping_status":"open","sticky":false,"template":"","format":"standard","meta":{"footnotes":""},"categories":[12],"tags":[],"class_list":["post-7975","post","type-post","status-publish","format-standard","has-post-thumbnail","hentry","category-cidade"],"_links":{"self":[{"href":"https:\/\/tvc16.com\/portal\/wp-json\/wp\/v2\/posts\/7975","targetHints":{"allow":["GET"]}}],"collection":[{"href":"https:\/\/tvc16.com\/portal\/wp-json\/wp\/v2\/posts"}],"about":[{"href":"https:\/\/tvc16.com\/portal\/wp-json\/wp\/v2\/types\/post"}],"author":[{"embeddable":true,"href":"https:\/\/tvc16.com\/portal\/wp-json\/wp\/v2\/users\/2"}],"replies":[{"embeddable":true,"href":"https:\/\/tvc16.com\/portal\/wp-json\/wp\/v2\/comments?post=7975"}],"version-history":[{"count":1,"href":"https:\/\/tvc16.com\/portal\/wp-json\/wp\/v2\/posts\/7975\/revisions"}],"predecessor-version":[{"id":7981,"href":"https:\/\/tvc16.com\/portal\/wp-json\/wp\/v2\/posts\/7975\/revisions\/7981"}],"wp:featuredmedia":[{"embeddable":true,"href":"https:\/\/tvc16.com\/portal\/wp-json\/wp\/v2\/media\/7980"}],"wp:attachment":[{"href":"https:\/\/tvc16.com\/portal\/wp-json\/wp\/v2\/media?parent=7975"}],"wp:term":[{"taxonomy":"category","embeddable":true,"href":"https:\/\/tvc16.com\/portal\/wp-json\/wp\/v2\/categories?post=7975"},{"taxonomy":"post_tag","embeddable":true,"href":"https:\/\/tvc16.com\/portal\/wp-json\/wp\/v2\/tags?post=7975"}],"curies":[{"name":"wp","href":"https:\/\/api.w.org\/{rel}","templated":true}]}}