{"id":7982,"date":"2020-12-10T21:02:32","date_gmt":"2020-12-11T00:02:32","guid":{"rendered":"https:\/\/tvc16.com\/portal\/?p=7982"},"modified":"2020-12-10T21:02:36","modified_gmt":"2020-12-11T00:02:36","slug":"petropolis-inova-e-tera-atracao-natalina-sobre-rodas","status":"publish","type":"post","link":"https:\/\/tvc16.com\/portal\/2020\/12\/10\/petropolis-inova-e-tera-atracao-natalina-sobre-rodas\/","title":{"rendered":"Petr\u00f3polis inova e ter\u00e1 atra\u00e7\u00e3o natalina sobre rodas"},"content":{"rendered":"\n<p>Natal em Petr\u00f3polis ser\u00e1 musical e sobre rodas<\/p>\n\n\n\n<p>Com a realiza\u00e7\u00e3o de eventos restrita, Petr\u00f3polis est\u00e1 inovando, com uma programa\u00e7\u00e3o diferente e, cheia de encantos. O Natal Musical sobre Rodas ter\u00e1 dois grandes desfiles nos dois s\u00e1bados que antecedem o natal, dias 12 e 19. <\/p>\n\n\n\n<figure class=\"wp-block-image size-large\"><img loading=\"lazy\" decoding=\"async\" width=\"1024\" height=\"498\" src=\"https:\/\/tvc16.com\/portal\/wp-content\/uploads\/2020\/12\/IMG-20201210-WA0039-1024x498.jpg\" alt=\"\" class=\"wp-image-7983\" srcset=\"https:\/\/tvc16.com\/portal\/wp-content\/uploads\/2020\/12\/IMG-20201210-WA0039-1024x498.jpg 1024w, https:\/\/tvc16.com\/portal\/wp-content\/uploads\/2020\/12\/IMG-20201210-WA0039-300x146.jpg 300w, https:\/\/tvc16.com\/portal\/wp-content\/uploads\/2020\/12\/IMG-20201210-WA0039-768x374.jpg 768w, https:\/\/tvc16.com\/portal\/wp-content\/uploads\/2020\/12\/IMG-20201210-WA0039.jpg 1032w\" sizes=\"auto, (max-width: 1024px) 100vw, 1024px\" \/><figcaption>Foto de arquivo <\/figcaption><\/figure>\n\n\n\n<p><\/p>\n\n\n\n<p><strong>CONFIRA O ITINER\u00c1RIO <\/strong><\/p>\n\n\n\n<p>O comboio, que ter\u00e1 quatro ve\u00edculos, sair\u00e1 do 32\u00ba BIL em dire\u00e7\u00e3o \u00e0 Rua Bingen por volta das 14h. De l\u00e1, seguir\u00e1 pela Rua Paulino Afonso, Montecaseros, Roberto Silveira e Monsenhor Bacelar, seguindo em dire\u00e7\u00e3o ao Valpara\u00edso. O grupo voltar\u00e1 pela Whashington Luiz em dire\u00e7\u00e3o ao Centro, passando pela Rua do Imperador e subindo a General Os\u00f3rio, Aureliano Coutinho e Rua Teresa at\u00e9 o Alto da Serra. Os ve\u00edculos far\u00e3o o retorno e voltar\u00e3o pela Dr. S\u00e1 Earp, passando pela Rua Visconde de Souza Franco, Rua do Imperador e Rua da Imperatriz. Em frente ao Museu Imperial e \u00e0 C\u00e2mara Municipal, o grupo vai retornar e seguir\u00e1 pela Irm\u00e3os D\u2019Angelo, 16 de Mar\u00e7o, Dr. Nelson de S\u00e1 Earp, Pra\u00e7a da Liberdade, Av.\u00a0 Roberto Silveira, Rua Padre Siqueira, 13 de Maio, Av. Tiradentes e Av. Ipiranga, em dire\u00e7\u00e3o a Rua Fonseca Ramos.\u00a0<br>O comboio seguir\u00e1 pelo Quissam\u00e3, Itamarati e Cascatinha, passando pelo Samambaia e chegando \u00e0 Estrada Mineira. Seguir\u00e1 por Corr\u00eaas at\u00e9 Nogueira, onde os ve\u00edculos ser\u00e3o desviados para a Estrada Uni\u00e3o e Ind\u00fastria, em dire\u00e7\u00e3o a Itaipava.<\/p>\n\n\n\n<p>O desfile segue at\u00e9 a altura do Supermercado Bramil e retorna cencerramento no Shopping Esta\u00e7\u00e3o Itaipava.\u00a0<\/p>\n\n\n\n<p><strong>ATEN\u00c7\u00c3O!<\/strong><br>Se chover, o evento ser\u00e1 suspenso e pode ser realizado no domingo. <\/p>\n\n\n\n<p>Se chover nos dois dias, o evento ser\u00e1 suspenso.<br><\/p>\n","protected":false},"excerpt":{"rendered":"<p>Natal em Petr\u00f3polis ser\u00e1 musical e sobre rodas Com a realiza\u00e7\u00e3o de eventos restrita, Petr\u00f3polis<\/p>\n","protected":false},"author":2,"featured_media":7984,"comment_status":"open","ping_status":"open","sticky":false,"template":"","format":"standard","meta":{"footnotes":""},"categories":[12],"tags":[],"class_list":["post-7982","post","type-post","status-publish","format-standard","has-post-thumbnail","hentry","category-cidade"],"_links":{"self":[{"href":"https:\/\/tvc16.com\/portal\/wp-json\/wp\/v2\/posts\/7982","targetHints":{"allow":["GET"]}}],"collection":[{"href":"https:\/\/tvc16.com\/portal\/wp-json\/wp\/v2\/posts"}],"about":[{"href":"https:\/\/tvc16.com\/portal\/wp-json\/wp\/v2\/types\/post"}],"author":[{"embeddable":true,"href":"https:\/\/tvc16.com\/portal\/wp-json\/wp\/v2\/users\/2"}],"replies":[{"embeddable":true,"href":"https:\/\/tvc16.com\/portal\/wp-json\/wp\/v2\/comments?post=7982"}],"version-history":[{"count":1,"href":"https:\/\/tvc16.com\/portal\/wp-json\/wp\/v2\/posts\/7982\/revisions"}],"predecessor-version":[{"id":7985,"href":"https:\/\/tvc16.com\/portal\/wp-json\/wp\/v2\/posts\/7982\/revisions\/7985"}],"wp:featuredmedia":[{"embeddable":true,"href":"https:\/\/tvc16.com\/portal\/wp-json\/wp\/v2\/media\/7984"}],"wp:attachment":[{"href":"https:\/\/tvc16.com\/portal\/wp-json\/wp\/v2\/media?parent=7982"}],"wp:term":[{"taxonomy":"category","embeddable":true,"href":"https:\/\/tvc16.com\/portal\/wp-json\/wp\/v2\/categories?post=7982"},{"taxonomy":"post_tag","embeddable":true,"href":"https:\/\/tvc16.com\/portal\/wp-json\/wp\/v2\/tags?post=7982"}],"curies":[{"name":"wp","href":"https:\/\/api.w.org\/{rel}","templated":true}]}}