{"id":7986,"date":"2020-12-10T21:09:26","date_gmt":"2020-12-11T00:09:26","guid":{"rendered":"https:\/\/tvc16.com\/portal\/?p=7986"},"modified":"2020-12-10T21:09:29","modified_gmt":"2020-12-11T00:09:29","slug":"ministerio-da-saude-confirma-primeiro-caso-de-reinfeccao-por-covid-19-no-brasil","status":"publish","type":"post","link":"https:\/\/tvc16.com\/portal\/2020\/12\/10\/ministerio-da-saude-confirma-primeiro-caso-de-reinfeccao-por-covid-19-no-brasil\/","title":{"rendered":"Minist\u00e9rio da Sa\u00fade confirma primeiro caso de reinfec\u00e7\u00e3o por covid-19 no Brasil"},"content":{"rendered":"\n<h2 class=\"wp-block-heading\">Diagn\u00f3stico ocorreu em uma profissional da \u00e1rea de sa\u00fade, de 37 anos<\/h2>\n\n\n\n<p>O Minist\u00e9rio da Sa\u00fade confirmou nesta quinta-feira (10) o primeiro caso de reinfec\u00e7\u00e3o por covid-19. Segundo a pasta, o diagn\u00f3stico ocorreu em uma profissional da \u00e1rea de sa\u00fade, de 37 anos, residente em Natal. Ela teve a doen\u00e7a em junho, se curou e teve o resultado positivo novamente\u00a0em outubro, 116 dias ap\u00f3s o primeiro diagn\u00f3stico.<img decoding=\"async\" src=\"https:\/\/agenciabrasil.ebc.com.br\/ebc.png?id=1396057&amp;o=node\"><img decoding=\"async\" src=\"https:\/\/agenciabrasil.ebc.com.br\/ebc.gif?id=1396057&amp;o=node\"><\/p>\n\n\n\n<p>Em nota, o minist\u00e9rio informou&nbsp;que recebeu, no \u00faltimo dia 9, um relat\u00f3rio do Laborat\u00f3rio de V\u00edrus Respirat\u00f3rios e do Sarampo da Fiocruz\/RJ, refer\u00eancia nacional para a covid-19 no Brasil, com os resultados laboratoriais de duas amostras cl\u00ednicas de, at\u00e9 ent\u00e3o, um caso suspeito de reinfec\u00e7\u00e3o da doen\u00e7a pelo coronav\u00edrus.<\/p>\n\n\n\n<p>Ap\u00f3s an\u00e1lise das duas amostras enviadas ao laborat\u00f3rio houve a confirma\u00e7\u00e3o dos resultados via metodologia de RT-PCR em tempo real.<\/p>\n\n\n\n<p>\u201cAs an\u00e1lises realizadas permitem confirmar a reinfec\u00e7\u00e3o pelo v\u00edrus SARS-CoV-2, ap\u00f3s sequenciamento do genoma completo viral que identificou duas linhagens distintas&#8221;, disse a pasta por meio de nota.<\/p>\n\n\n\n<p>O minist\u00e9rio destacou\u00a0ainda que o resultado refor\u00e7a a necessidade da ado\u00e7\u00e3o do uso cont\u00ednuo de m\u00e1scaras, higieniza\u00e7\u00e3o constante das m\u00e3os e o uso de \u00e1lcool em gel.<\/p>\n\n\n\n<p>Rep\u00f3rter da Ag\u00eancia Brasil &#8211; Bras\u00edlia<\/p>\n\n\n\n<p>Edi\u00e7\u00e3o: Val\u00e9ria Aguiar<\/p>\n","protected":false},"excerpt":{"rendered":"<p>Diagn\u00f3stico ocorreu em uma profissional da \u00e1rea de sa\u00fade, de 37 anos O Minist\u00e9rio da<\/p>\n","protected":false},"author":2,"featured_media":7987,"comment_status":"open","ping_status":"open","sticky":false,"template":"","format":"standard","meta":{"footnotes":""},"categories":[13],"tags":[],"class_list":["post-7986","post","type-post","status-publish","format-standard","has-post-thumbnail","hentry","category-saude"],"_links":{"self":[{"href":"https:\/\/tvc16.com\/portal\/wp-json\/wp\/v2\/posts\/7986","targetHints":{"allow":["GET"]}}],"collection":[{"href":"https:\/\/tvc16.com\/portal\/wp-json\/wp\/v2\/posts"}],"about":[{"href":"https:\/\/tvc16.com\/portal\/wp-json\/wp\/v2\/types\/post"}],"author":[{"embeddable":true,"href":"https:\/\/tvc16.com\/portal\/wp-json\/wp\/v2\/users\/2"}],"replies":[{"embeddable":true,"href":"https:\/\/tvc16.com\/portal\/wp-json\/wp\/v2\/comments?post=7986"}],"version-history":[{"count":1,"href":"https:\/\/tvc16.com\/portal\/wp-json\/wp\/v2\/posts\/7986\/revisions"}],"predecessor-version":[{"id":7988,"href":"https:\/\/tvc16.com\/portal\/wp-json\/wp\/v2\/posts\/7986\/revisions\/7988"}],"wp:featuredmedia":[{"embeddable":true,"href":"https:\/\/tvc16.com\/portal\/wp-json\/wp\/v2\/media\/7987"}],"wp:attachment":[{"href":"https:\/\/tvc16.com\/portal\/wp-json\/wp\/v2\/media?parent=7986"}],"wp:term":[{"taxonomy":"category","embeddable":true,"href":"https:\/\/tvc16.com\/portal\/wp-json\/wp\/v2\/categories?post=7986"},{"taxonomy":"post_tag","embeddable":true,"href":"https:\/\/tvc16.com\/portal\/wp-json\/wp\/v2\/tags?post=7986"}],"curies":[{"name":"wp","href":"https:\/\/api.w.org\/{rel}","templated":true}]}}