{"id":8003,"date":"2020-12-11T07:35:35","date_gmt":"2020-12-11T10:35:35","guid":{"rendered":"https:\/\/tvc16.com\/portal\/?p=8003"},"modified":"2020-12-11T07:35:38","modified_gmt":"2020-12-11T10:35:38","slug":"reconstrucao-do-supermercado-extra-que-pegou-fogo-em-2017-e-iniciada-na-rua-paulo-barbosa","status":"publish","type":"post","link":"https:\/\/tvc16.com\/portal\/2020\/12\/11\/reconstrucao-do-supermercado-extra-que-pegou-fogo-em-2017-e-iniciada-na-rua-paulo-barbosa\/","title":{"rendered":"Reconstru\u00e7\u00e3o do Supermercado Extra, que pegou fogo em 2017, \u00e9 iniciada na Rua Paulo Barbosa"},"content":{"rendered":"\n<p>A rede\u00a0de supermercados Extra\u00a0faz parte do GPA, maior grupo de varejo da Am\u00e9rica do Sul,<\/p>\n\n\n\n<p>Come\u00e7ou nesta semana a prepara\u00e7\u00e3o do terreno para a reconstru\u00e7\u00e3o do supermercado Extra na Rua Paulo Barbosa, no Centro. Uma reuni\u00e3o na prefeitura para tratar de quest\u00f5es log\u00edsticas e de opera\u00e7\u00e3o da obra foi realizada nesta quinta-feira (10). Est\u00e3o previstos aproximadamente 500 empregos diretos gerados em Petr\u00f3polis at\u00e9 mar\u00e7o de 2021. Em 2017 um inc\u00eandio destruiu o empreendimento.<\/p>\n\n\n\n<p>Ser\u00e3o mais de 500 empregos gerados na Cidade, 200 no per\u00edodo de obras e aproximadamente 300 empregos depois da loja inaugurada. O Prefeito Bernardo Rossi comemorou os novos postos de trabalho. \u201cMesmo enfrentando uma pandemia, eu fico feliz em poder participar da gera\u00e7\u00e3o de quase 500 novas vagas de trabalho na nossa Cidade. \u00c9 um passo importante para a retomada da nossa economia\u201d, disse.<\/p>\n\n\n\n<figure class=\"wp-block-image size-large\"><img loading=\"lazy\" decoding=\"async\" width=\"1024\" height=\"768\" src=\"https:\/\/tvc16.com\/portal\/wp-content\/uploads\/2020\/12\/WhatsApp-Image-2020-12-10-at-15_36_46-1024x768.jpeg\" alt=\"\" class=\"wp-image-8004\" srcset=\"https:\/\/tvc16.com\/portal\/wp-content\/uploads\/2020\/12\/WhatsApp-Image-2020-12-10-at-15_36_46-1024x768.jpeg 1024w, https:\/\/tvc16.com\/portal\/wp-content\/uploads\/2020\/12\/WhatsApp-Image-2020-12-10-at-15_36_46-300x225.jpeg 300w, https:\/\/tvc16.com\/portal\/wp-content\/uploads\/2020\/12\/WhatsApp-Image-2020-12-10-at-15_36_46-768x576.jpeg 768w, https:\/\/tvc16.com\/portal\/wp-content\/uploads\/2020\/12\/WhatsApp-Image-2020-12-10-at-15_36_46-200x150.jpeg 200w, https:\/\/tvc16.com\/portal\/wp-content\/uploads\/2020\/12\/WhatsApp-Image-2020-12-10-at-15_36_46.jpeg 1280w\" sizes=\"auto, (max-width: 1024px) 100vw, 1024px\" \/><\/figure>\n\n\n\n<p>O vice-prefeito de Petr\u00f3polis, Albano Filho (Baninho), recebeu a arquiteta Juliana Miranda e o Engenheiro Glauber Vieira, ambos do Grupo P\u00e3o de A\u00e7\u00facar (GPA), para tratar da retomada das obras do supermercado Extra, destru\u00eddo por um inc\u00eandio em 2017. A reuni\u00e3o tamb\u00e9m contou com a presen\u00e7a de outros representantes do munic\u00edpio, como o presidente da CPTRANS, Jos\u00e9 Luis Voigt, o Secret\u00e1rio de Desenvolvimento Econ\u00f4mico, Marcelo Soares, e o Coordenador de Planejamento e Gest\u00e3o Estrat\u00e9gica do munic\u00edpio, Dalmir Caetano.<br><br>Em pauta estiveram temas como o apoio log\u00edstico da prefeitura na organiza\u00e7\u00e3o do tr\u00e2nsito para recebimento do maquin\u00e1rio pesado utilizado na obra, al\u00e9m do aux\u00edlio nos locais de armazenamento dos materiais.<\/p>\n\n\n\n<figure class=\"wp-block-image size-large\"><img loading=\"lazy\" decoding=\"async\" width=\"1024\" height=\"768\" src=\"https:\/\/tvc16.com\/portal\/wp-content\/uploads\/2020\/12\/WhatsApp-Image-2020-12-10-at-15_36_56-1024x768.jpeg\" alt=\"\" class=\"wp-image-8006\" srcset=\"https:\/\/tvc16.com\/portal\/wp-content\/uploads\/2020\/12\/WhatsApp-Image-2020-12-10-at-15_36_56-1024x768.jpeg 1024w, https:\/\/tvc16.com\/portal\/wp-content\/uploads\/2020\/12\/WhatsApp-Image-2020-12-10-at-15_36_56-300x225.jpeg 300w, https:\/\/tvc16.com\/portal\/wp-content\/uploads\/2020\/12\/WhatsApp-Image-2020-12-10-at-15_36_56-768x576.jpeg 768w, https:\/\/tvc16.com\/portal\/wp-content\/uploads\/2020\/12\/WhatsApp-Image-2020-12-10-at-15_36_56-200x150.jpeg 200w, https:\/\/tvc16.com\/portal\/wp-content\/uploads\/2020\/12\/WhatsApp-Image-2020-12-10-at-15_36_56.jpeg 1280w\" sizes=\"auto, (max-width: 1024px) 100vw, 1024px\" \/><\/figure>\n\n\n\n<p>A Rede\u00a0de supermercados Extra\u00a0faz parte do GPA, maior grupo de varejo da Am\u00e9rica do Sul, tem 169 lojas pelo Brasil, est\u00e1  em expans\u00e3o e emprega mais de 44 mil colaboradores.<\/p>\n\n\n\n<p><br>Tamb\u00e9m estiveram presentes na reuni\u00e3o o Procurador Geral da Prefeitura, Sebasti\u00e3o M\u00e9dici, o Secret\u00e1rio de Obras, Roberto J\u00fanior, a Secret\u00e1ria de Servi\u00e7os, Seguran\u00e7a e Ordem P\u00fablica, Karina Bronzo.<\/p>\n","protected":false},"excerpt":{"rendered":"<p>A rede\u00a0de supermercados Extra\u00a0faz parte do GPA, maior grupo de varejo da Am\u00e9rica do Sul,<\/p>\n","protected":false},"author":2,"featured_media":8005,"comment_status":"open","ping_status":"open","sticky":false,"template":"","format":"standard","meta":{"footnotes":""},"categories":[12],"tags":[],"class_list":["post-8003","post","type-post","status-publish","format-standard","has-post-thumbnail","hentry","category-cidade"],"_links":{"self":[{"href":"https:\/\/tvc16.com\/portal\/wp-json\/wp\/v2\/posts\/8003","targetHints":{"allow":["GET"]}}],"collection":[{"href":"https:\/\/tvc16.com\/portal\/wp-json\/wp\/v2\/posts"}],"about":[{"href":"https:\/\/tvc16.com\/portal\/wp-json\/wp\/v2\/types\/post"}],"author":[{"embeddable":true,"href":"https:\/\/tvc16.com\/portal\/wp-json\/wp\/v2\/users\/2"}],"replies":[{"embeddable":true,"href":"https:\/\/tvc16.com\/portal\/wp-json\/wp\/v2\/comments?post=8003"}],"version-history":[{"count":1,"href":"https:\/\/tvc16.com\/portal\/wp-json\/wp\/v2\/posts\/8003\/revisions"}],"predecessor-version":[{"id":8007,"href":"https:\/\/tvc16.com\/portal\/wp-json\/wp\/v2\/posts\/8003\/revisions\/8007"}],"wp:featuredmedia":[{"embeddable":true,"href":"https:\/\/tvc16.com\/portal\/wp-json\/wp\/v2\/media\/8005"}],"wp:attachment":[{"href":"https:\/\/tvc16.com\/portal\/wp-json\/wp\/v2\/media?parent=8003"}],"wp:term":[{"taxonomy":"category","embeddable":true,"href":"https:\/\/tvc16.com\/portal\/wp-json\/wp\/v2\/categories?post=8003"},{"taxonomy":"post_tag","embeddable":true,"href":"https:\/\/tvc16.com\/portal\/wp-json\/wp\/v2\/tags?post=8003"}],"curies":[{"name":"wp","href":"https:\/\/api.w.org\/{rel}","templated":true}]}}