{"id":8008,"date":"2020-12-11T07:43:08","date_gmt":"2020-12-11T10:43:08","guid":{"rendered":"https:\/\/tvc16.com\/portal\/?p=8008"},"modified":"2020-12-11T07:43:10","modified_gmt":"2020-12-11T10:43:10","slug":"predio-que-abrigava-a-dentsplay-vai-se-transformar-em-uma-central-de-distribuicao-da-rede-de-supermercados-armazem-do-grao","status":"publish","type":"post","link":"https:\/\/tvc16.com\/portal\/2020\/12\/11\/predio-que-abrigava-a-dentsplay-vai-se-transformar-em-uma-central-de-distribuicao-da-rede-de-supermercados-armazem-do-grao\/","title":{"rendered":"Pr\u00e9dio que abrigava a Dentsplay vai se transformar em uma central de distribui\u00e7\u00e3o da rede de supermercados Armaz\u00e9m do Gr\u00e3o"},"content":{"rendered":"\n<p>A antiga sede da empresa Dentsply, no Bingen, vai passar a abrigar uma central de distribui\u00e7\u00e3o da Rede de supermercados Armaz\u00e9m do Gr\u00e3o. O im\u00f3vel foi adquirido recentemente e a previs\u00e3o que o novo empreendimento gere mais de 200 empregos diretos.<\/p>\n\n\n\n<p>Na manh\u00e3 desta quinta-feira (10.), o vice-prefeito Baninho, no ato representando o prefeito Bernardo Rossi, o secret\u00e1rio de Desenvolvimento Econ\u00f4mico, Marcelo Soares, o secret\u00e1rio de Obras, Roberto J\u00fanior e o diretor-presidente da rede de supermercados, Antoane Correa estiveram reunidos no im\u00f3vel, onde foi apresentado todo planejamento para a ocupa\u00e7\u00e3o e utiliza\u00e7\u00e3o do espa\u00e7o.<\/p>\n\n\n\n<figure class=\"wp-block-image size-large\"><img loading=\"lazy\" decoding=\"async\" width=\"1024\" height=\"768\" src=\"https:\/\/tvc16.com\/portal\/wp-content\/uploads\/2020\/12\/WhatsApp-Image-2020-12-10-at-14_12_05-1024x768.jpeg\" alt=\"\" class=\"wp-image-8009\" srcset=\"https:\/\/tvc16.com\/portal\/wp-content\/uploads\/2020\/12\/WhatsApp-Image-2020-12-10-at-14_12_05-1024x768.jpeg 1024w, https:\/\/tvc16.com\/portal\/wp-content\/uploads\/2020\/12\/WhatsApp-Image-2020-12-10-at-14_12_05-300x225.jpeg 300w, https:\/\/tvc16.com\/portal\/wp-content\/uploads\/2020\/12\/WhatsApp-Image-2020-12-10-at-14_12_05-768x576.jpeg 768w, https:\/\/tvc16.com\/portal\/wp-content\/uploads\/2020\/12\/WhatsApp-Image-2020-12-10-at-14_12_05-200x150.jpeg 200w, https:\/\/tvc16.com\/portal\/wp-content\/uploads\/2020\/12\/WhatsApp-Image-2020-12-10-at-14_12_05.jpeg 1280w\" sizes=\"auto, (max-width: 1024px) 100vw, 1024px\" \/><figcaption>Vice-prefeito Baninho, o secret\u00e1rio de Desenvolvimento Econ\u00f4mico, Marcelo Soares, o secret\u00e1rio de Obras, Roberto J\u00fanior e o diretor-presidente da rede de supermercados, Antoane Correa<\/figcaption><\/figure>\n\n\n\n<p>\u201cFico muito feliz em saber que, com o auxilio da prefeitura, um novo espa\u00e7o que estava ocioso vai abrigar o empreendimento de uma empresa petropolitana. Ser\u00e3o mais de 200 empregos gerados de forma direta e acredito que muito mais vagas ser\u00e3o criadas ao longo da implementa\u00e7\u00e3o do neg\u00f3cio. A prefeitura vai estar dando todo suporte necess\u00e1rio\u201d, atesta o prefeito Bernardo Rossi.<\/p>\n\n\n\n<p>O vice-prefeito Baninho tamb\u00e9m se mostrou muito animado com a perspectiva da cria\u00e7\u00e3o de novos empregos na cidade e disse que \u201cquando a Dentsplay saiu da Cidade, foi motivo de muita tristeza, mas agora com a chegada desse novo empreendimento, acredito que teremos uma retomada muito positiva do crescimento de vagas formais de emprego, motivo de muita alegria\u201d.<\/p>\n\n\n\n<figure class=\"wp-block-image size-large\"><img loading=\"lazy\" decoding=\"async\" width=\"1024\" height=\"768\" src=\"https:\/\/tvc16.com\/portal\/wp-content\/uploads\/2020\/12\/WhatsApp-Image-2020-12-10-at-14_12_06-1024x768.jpeg\" alt=\"\" class=\"wp-image-8010\" srcset=\"https:\/\/tvc16.com\/portal\/wp-content\/uploads\/2020\/12\/WhatsApp-Image-2020-12-10-at-14_12_06-1024x768.jpeg 1024w, https:\/\/tvc16.com\/portal\/wp-content\/uploads\/2020\/12\/WhatsApp-Image-2020-12-10-at-14_12_06-300x225.jpeg 300w, https:\/\/tvc16.com\/portal\/wp-content\/uploads\/2020\/12\/WhatsApp-Image-2020-12-10-at-14_12_06-768x576.jpeg 768w, https:\/\/tvc16.com\/portal\/wp-content\/uploads\/2020\/12\/WhatsApp-Image-2020-12-10-at-14_12_06-200x150.jpeg 200w, https:\/\/tvc16.com\/portal\/wp-content\/uploads\/2020\/12\/WhatsApp-Image-2020-12-10-at-14_12_06.jpeg 1280w\" sizes=\"auto, (max-width: 1024px) 100vw, 1024px\" \/><\/figure>\n\n\n\n<p>Antoane Correa, diretor-presidente do Armaz\u00e9m do Gr\u00e3o, destacou que \u201cnossa meta \u00e9 ativar essa planta que j\u00e1 gerou muitos empregos, foi muito importante para centenas de fam\u00edlias. Tenho o prop\u00f3sito de realizar aquilo que aconteceu no passado, trazendo o centro de distribui\u00e7\u00e3o para esse local, al\u00e9m de alguns outros neg\u00f3cios que envolvem o Armaz\u00e9m do Gr\u00e3o. Tamb\u00e9m vamos abrir a oportunidade de outras empresas estarem se integrando neste mesmo espa\u00e7o. Acredito muito no sucesso de nossa cidade e agrade\u00e7o todo esfor\u00e7o do governo municipal\u201d.<\/p>\n\n\n\n<p>O secret\u00e1rio de Desenvolvimento Econ\u00f4mico, Marcelo Soares, aponta que \u201cexistem alguns pontos importantes a serem destacados. O primeiro \u00e9 a reativa\u00e7\u00e3o de um pr\u00e9dio desta magnitude que estava vazio e que vai voltar a gerar empregos. Outra quest\u00e3o \u00e9 que a empresa, genuinamente petropolitana, comercializa em suas unidades produtos provenientes de Petr\u00f3polis, o que torna esse empres\u00e1rio exemplar. Desejo todo sucesso nessa nova investida a ele e a todos os futuros colaboradores da empresa\u201d.<\/p>\n","protected":false},"excerpt":{"rendered":"<p>A antiga sede da empresa Dentsply, no Bingen, vai passar a abrigar uma central de<\/p>\n","protected":false},"author":2,"featured_media":8011,"comment_status":"open","ping_status":"open","sticky":false,"template":"","format":"standard","meta":{"footnotes":""},"categories":[12],"tags":[],"class_list":["post-8008","post","type-post","status-publish","format-standard","has-post-thumbnail","hentry","category-cidade"],"_links":{"self":[{"href":"https:\/\/tvc16.com\/portal\/wp-json\/wp\/v2\/posts\/8008","targetHints":{"allow":["GET"]}}],"collection":[{"href":"https:\/\/tvc16.com\/portal\/wp-json\/wp\/v2\/posts"}],"about":[{"href":"https:\/\/tvc16.com\/portal\/wp-json\/wp\/v2\/types\/post"}],"author":[{"embeddable":true,"href":"https:\/\/tvc16.com\/portal\/wp-json\/wp\/v2\/users\/2"}],"replies":[{"embeddable":true,"href":"https:\/\/tvc16.com\/portal\/wp-json\/wp\/v2\/comments?post=8008"}],"version-history":[{"count":1,"href":"https:\/\/tvc16.com\/portal\/wp-json\/wp\/v2\/posts\/8008\/revisions"}],"predecessor-version":[{"id":8012,"href":"https:\/\/tvc16.com\/portal\/wp-json\/wp\/v2\/posts\/8008\/revisions\/8012"}],"wp:featuredmedia":[{"embeddable":true,"href":"https:\/\/tvc16.com\/portal\/wp-json\/wp\/v2\/media\/8011"}],"wp:attachment":[{"href":"https:\/\/tvc16.com\/portal\/wp-json\/wp\/v2\/media?parent=8008"}],"wp:term":[{"taxonomy":"category","embeddable":true,"href":"https:\/\/tvc16.com\/portal\/wp-json\/wp\/v2\/categories?post=8008"},{"taxonomy":"post_tag","embeddable":true,"href":"https:\/\/tvc16.com\/portal\/wp-json\/wp\/v2\/tags?post=8008"}],"curies":[{"name":"wp","href":"https:\/\/api.w.org\/{rel}","templated":true}]}}