{"id":8013,"date":"2020-12-11T07:49:32","date_gmt":"2020-12-11T10:49:32","guid":{"rendered":"https:\/\/tvc16.com\/portal\/?p=8013"},"modified":"2020-12-11T07:49:34","modified_gmt":"2020-12-11T10:49:34","slug":"coral-pro-tempore-participa-do-canta-del-rei-que-comeca-nesta-sexta-feira-11","status":"publish","type":"post","link":"https:\/\/tvc16.com\/portal\/2020\/12\/11\/coral-pro-tempore-participa-do-canta-del-rei-que-comeca-nesta-sexta-feira-11\/","title":{"rendered":"Coral Pr\u00f3 Tempore participa do &#8220;Canta Del Rei&#8221; que come\u00e7a  nesta sexta-feira (11)"},"content":{"rendered":"\n<p>O coral Pr\u00f3 Tempore \u2013 que \u00e9 um corpo art\u00edstico mantido pelo Instituto Municipal de Cultura e Esportes (IMCE) \u2013 est\u00e1 entre os coros participantes do \u201cCanta Del Rei\u201d,&nbsp;festival nacional de corais, que acontece entre esta sexta-feira (11\/12) e domingo (13). Por causa da pandemia do coronav\u00edrus, este ano o evento que \u00e9 da cidade de S\u00e3o Jo\u00e3o Del-Rei, em Minas Gerais, ser\u00e1, em parte, online. A participa\u00e7\u00e3o do Pr\u00f3 Tempore ser\u00e1 no s\u00e1bado (12), \u00e0s 18h, e qualquer pessoa pode acompanhar atrav\u00e9s das redes sociais do Canta Del Rei.<\/p>\n\n\n\n<p>Composto por idosos, o Pr\u00f3 Tempore far\u00e1 uma apresenta\u00e7\u00e3o em formato de \u201cmosaico\u201d, ou seja, os coralistas gravaram cada um em suas casas e o v\u00eddeo re\u00fane todos em uma s\u00f3 tela. \u201cO coro \u00e9 um orgulho para a nossa cidade, temos certeza de que eles far\u00e3o muito sucesso no festival\u201d, frisa o prefeito Bernardo Rossi. \u201cEles ensaiaram durante todo o ano atrav\u00e9s da internet neste per\u00edodo de pandemia, o que foi muito importante para todo o grupo\u201d, completa o diretor-presidente do IMCE, Rodrigo Bueno.<\/p>\n\n\n\n<figure class=\"wp-block-image size-large\"><img loading=\"lazy\" decoding=\"async\" width=\"955\" height=\"535\" src=\"https:\/\/tvc16.com\/portal\/wp-content\/uploads\/2020\/12\/Pro-Tempore.jpeg\" alt=\"\" class=\"wp-image-8014\" srcset=\"https:\/\/tvc16.com\/portal\/wp-content\/uploads\/2020\/12\/Pro-Tempore.jpeg 955w, https:\/\/tvc16.com\/portal\/wp-content\/uploads\/2020\/12\/Pro-Tempore-300x168.jpeg 300w, https:\/\/tvc16.com\/portal\/wp-content\/uploads\/2020\/12\/Pro-Tempore-768x430.jpeg 768w\" sizes=\"auto, (max-width: 955px) 100vw, 955px\" \/><\/figure>\n\n\n\n<p>O coro, que que conta com cerca 25 componentes, nasceu com o objetivo de inserir o p\u00fablico da terceira idade em uma das atividades mais divulgadas da Cidade Imperial. \u00c9 regido pelo maestro Paulo Afonso Filho. A participa\u00e7\u00e3o no grupo \u00e9 gratuita. Antes da pandemia, os coralistas ensaiavam no Centro de Cultura Raul de Leoni, duas vezes por semana. Atualmente, os encontros com o maestro s\u00e3o virtuais.<\/p>\n\n\n\n<p>O festival poder\u00e1 ser acompanhado pelo Facebook, no link:&nbsp;<a rel=\"noreferrer noopener\" target=\"_blank\" href=\"https:\/\/www.facebook.com\/cantasjdr\/\">https:\/\/www.facebook.com\/cantasjdr\/<\/a>.<\/p>\n","protected":false},"excerpt":{"rendered":"<p>O coral Pr\u00f3 Tempore \u2013 que \u00e9 um corpo art\u00edstico mantido pelo Instituto Municipal de<\/p>\n","protected":false},"author":2,"featured_media":8015,"comment_status":"open","ping_status":"open","sticky":false,"template":"","format":"standard","meta":{"footnotes":""},"categories":[12],"tags":[],"class_list":["post-8013","post","type-post","status-publish","format-standard","has-post-thumbnail","hentry","category-cidade"],"_links":{"self":[{"href":"https:\/\/tvc16.com\/portal\/wp-json\/wp\/v2\/posts\/8013","targetHints":{"allow":["GET"]}}],"collection":[{"href":"https:\/\/tvc16.com\/portal\/wp-json\/wp\/v2\/posts"}],"about":[{"href":"https:\/\/tvc16.com\/portal\/wp-json\/wp\/v2\/types\/post"}],"author":[{"embeddable":true,"href":"https:\/\/tvc16.com\/portal\/wp-json\/wp\/v2\/users\/2"}],"replies":[{"embeddable":true,"href":"https:\/\/tvc16.com\/portal\/wp-json\/wp\/v2\/comments?post=8013"}],"version-history":[{"count":1,"href":"https:\/\/tvc16.com\/portal\/wp-json\/wp\/v2\/posts\/8013\/revisions"}],"predecessor-version":[{"id":8016,"href":"https:\/\/tvc16.com\/portal\/wp-json\/wp\/v2\/posts\/8013\/revisions\/8016"}],"wp:featuredmedia":[{"embeddable":true,"href":"https:\/\/tvc16.com\/portal\/wp-json\/wp\/v2\/media\/8015"}],"wp:attachment":[{"href":"https:\/\/tvc16.com\/portal\/wp-json\/wp\/v2\/media?parent=8013"}],"wp:term":[{"taxonomy":"category","embeddable":true,"href":"https:\/\/tvc16.com\/portal\/wp-json\/wp\/v2\/categories?post=8013"},{"taxonomy":"post_tag","embeddable":true,"href":"https:\/\/tvc16.com\/portal\/wp-json\/wp\/v2\/tags?post=8013"}],"curies":[{"name":"wp","href":"https:\/\/api.w.org\/{rel}","templated":true}]}}