{"id":802,"date":"2020-09-21T12:35:50","date_gmt":"2020-09-21T12:35:50","guid":{"rendered":"https:\/\/tvc16.com\/portal\/?p=802"},"modified":"2020-09-21T12:35:50","modified_gmt":"2020-09-21T12:35:50","slug":"14a-primavera-dos-museus-comeca-hoje-em-todo-o-pais","status":"publish","type":"post","link":"https:\/\/tvc16.com\/portal\/2020\/09\/21\/14a-primavera-dos-museus-comeca-hoje-em-todo-o-pais\/","title":{"rendered":"14\u00aa Primavera dos Museus come\u00e7a hoje em todo o pa\u00eds"},"content":{"rendered":"\n<p>Institui\u00e7\u00f5es de todo o pa\u00eds promover\u00e3o 1,3 mil atividades<\/p>\n\n\n\n<p>A 14\u00aa edi\u00e7\u00e3o da Primavera dos Museus come\u00e7a hoje (21) e vai at\u00e9 o pr\u00f3ximo domingo (27) com atividades virtuais promovidas por institui\u00e7\u00f5es de todo o pa\u00eds. O evento \u00e9 uma a\u00e7\u00e3o do Instituto Brasileiro de Museus (Ibram) e, neste ano, tem o tema Mundo Digital: Museus em Transforma\u00e7\u00e3o.<img decoding=\"async\" src=\"https:\/\/agenciabrasil.ebc.com.br\/ebc.png?id=1388464&amp;o=node\"><img decoding=\"async\" src=\"https:\/\/agenciabrasil.ebc.com.br\/ebc.gif?id=1388464&amp;o=node\"><\/p>\n\n\n\n<p>\u201cCom o isolamento social provocado pelo Covid-19, o tema prop\u00f5e experimentar e produzir novas pr\u00e1ticas de significado, de linguagens de armazenamento e de dissemina\u00e7\u00e3o das informa\u00e7\u00f5es de museus a fim de estimular museus a preservar, a investigar, a comunicar, a interpretar e a expor as cole\u00e7\u00f5es de valor hist\u00f3rico, art\u00edstico, cient\u00edfico, t\u00e9cnico e cultural, valendo-se das ferramentas digitais e da l\u00f3gica das redes sociais\u201d, explicou o Ibram, em comunicado.<\/p>\n\n\n\n<p>O guia com a programa\u00e7\u00e3o completa est\u00e1 dispon\u00edvel na p\u00e1gina\u00a0<a rel=\"noreferrer noopener\" href=\"http:\/\/eventos.museus.gov.br\/docs\/14PRIMUS\/guiadaprogamacao.pdf\" target=\"_blank\">museus.gov.br<\/a>. Durante toda a semana, 520 museus desenvolver\u00e3o mais de 1,3 mil atividades das mais diversas categorias: palestras, visitas virtuais mediadas, exibi\u00e7\u00f5es de filmes, conta\u00e7\u00f5es de hist\u00f3rias, exposi\u00e7\u00f5es, shows musicais e rodas de conversa.<\/p>\n\n\n\n<p>Andreia Verd\u00e9lio \u2013 Rep\u00f3rter da Ag\u00eancia Brasil &#8211; Bras\u00edlia<\/p>\n\n\n\n<p>Edi\u00e7\u00e3o: Pedro Ivo de Oliveira<\/p>\n\n\n\n<p><\/p>\n","protected":false},"excerpt":{"rendered":"<p>Institui\u00e7\u00f5es de todo o pa\u00eds promover\u00e3o 1,3 mil atividades A 14\u00aa edi\u00e7\u00e3o da Primavera dos<\/p>\n","protected":false},"author":2,"featured_media":803,"comment_status":"open","ping_status":"open","sticky":false,"template":"","format":"standard","meta":{"footnotes":""},"categories":[17],"tags":[],"class_list":["post-802","post","type-post","status-publish","format-standard","has-post-thumbnail","hentry","category-outras-noticias"],"_links":{"self":[{"href":"https:\/\/tvc16.com\/portal\/wp-json\/wp\/v2\/posts\/802","targetHints":{"allow":["GET"]}}],"collection":[{"href":"https:\/\/tvc16.com\/portal\/wp-json\/wp\/v2\/posts"}],"about":[{"href":"https:\/\/tvc16.com\/portal\/wp-json\/wp\/v2\/types\/post"}],"author":[{"embeddable":true,"href":"https:\/\/tvc16.com\/portal\/wp-json\/wp\/v2\/users\/2"}],"replies":[{"embeddable":true,"href":"https:\/\/tvc16.com\/portal\/wp-json\/wp\/v2\/comments?post=802"}],"version-history":[{"count":1,"href":"https:\/\/tvc16.com\/portal\/wp-json\/wp\/v2\/posts\/802\/revisions"}],"predecessor-version":[{"id":804,"href":"https:\/\/tvc16.com\/portal\/wp-json\/wp\/v2\/posts\/802\/revisions\/804"}],"wp:featuredmedia":[{"embeddable":true,"href":"https:\/\/tvc16.com\/portal\/wp-json\/wp\/v2\/media\/803"}],"wp:attachment":[{"href":"https:\/\/tvc16.com\/portal\/wp-json\/wp\/v2\/media?parent=802"}],"wp:term":[{"taxonomy":"category","embeddable":true,"href":"https:\/\/tvc16.com\/portal\/wp-json\/wp\/v2\/categories?post=802"},{"taxonomy":"post_tag","embeddable":true,"href":"https:\/\/tvc16.com\/portal\/wp-json\/wp\/v2\/tags?post=802"}],"curies":[{"name":"wp","href":"https:\/\/api.w.org\/{rel}","templated":true}]}}