{"id":8021,"date":"2020-12-11T08:14:06","date_gmt":"2020-12-11T11:14:06","guid":{"rendered":"https:\/\/tvc16.com\/portal\/?p=8021"},"modified":"2020-12-11T08:14:08","modified_gmt":"2020-12-11T11:14:08","slug":"testagem-em-massa-para-a-covid-19-continua-em-petropolis-hoje-as-equipes-estarao-em-pedro-do-rio-e-secretario","status":"publish","type":"post","link":"https:\/\/tvc16.com\/portal\/2020\/12\/11\/testagem-em-massa-para-a-covid-19-continua-em-petropolis-hoje-as-equipes-estarao-em-pedro-do-rio-e-secretario\/","title":{"rendered":"Testagem em massa, para a Covid-19, continua em Petr\u00f3polis. Hoje, as equipes estar\u00e3o em Pedro do Rio e Secret\u00e1rio"},"content":{"rendered":"\n<p>Nesta sexta-feira (11), os testes ser\u00e3o realizados no CEI Nilo Pe\u00e7anha, antigo Cenecista, em Pedro do Rio, e na Pra\u00e7a de Secret\u00e1rio. As a\u00e7\u00f5es t\u00eam in\u00edcio \u00e0s 09h. Os testes em massa fazem parte das amplia\u00e7\u00f5es da prefeitura para frear a dissemina\u00e7\u00e3o da COVID-19 na cidade.<\/p>\n\n\n\n<p>\u201cTodas as medidas t\u00eam como base nosso compromisso em salvar vidas. Intensificamos todas as nossas a\u00e7\u00f5es para que a popula\u00e7\u00e3o n\u00e3o sofra. Mesmo assim precisamos pedir total apoio por parte dos petropolitanos. Muitas pessoas ainda t\u00eam se aglomerado e n\u00e3o cumprido as regras b\u00e1sicas para sua pr\u00f3pria prote\u00e7\u00e3o. N\u00e3o podemos deixar os cuidados de lado porque a pandemia ainda n\u00e3o acabou. Vamos fazer tudo o que est\u00e1 a nosso alcance para zelar pela sa\u00fade dos petropolitanos\u201d, afirmou o prefeito.<\/p>\n\n\n\n<p>Entre as medidas ampliadas, carros de som v\u00eam alertando a popula\u00e7\u00e3o em ruas e bairros da cidade. A\u00e7\u00f5es de desinfec\u00e7\u00e3o de ruas e locais p\u00fablicos tamb\u00e9m foram estendidas a todos os pontos de grande circula\u00e7\u00e3o de pessoas no munic\u00edpio. Nas garagens, \u00f4nibus est\u00e3o sendo rigorosamente higienizados pelas equipes de sa\u00fade. Na \u00faltima sexta-feira (04\/12) foram intensificadas, tamb\u00e9m, as a\u00e7\u00f5es de fiscaliza\u00e7\u00e3o da SSOP, Vigil\u00e2ncia Sanit\u00e1ria e Procon contra as constantes aglomera\u00e7\u00f5es aos finais de semana no Centro da cidade.<\/p>\n\n\n\n<p>Para a secret\u00e1ria de Sa\u00fade do munic\u00edpio, Fab\u00edola Heck, a colabora\u00e7\u00e3o da popula\u00e7\u00e3o \u00e9 de extrema import\u00e2ncia neste momento. \u201cMuitas pessoas ainda n\u00e3o perceberam o tamanho da responsabilidade que t\u00eam em suas m\u00e3os. Se cada um n\u00e3o fizer a sua parte jogaremos fora tudo o que conseguimos. Muitas fam\u00edlias est\u00e3o se contaminando porque est\u00e3o se aglomerando em suas pr\u00f3prias casas. Por isso \u00e9 importante n\u00e3o fazer esses eventos nem mesmo em casa, evitar as visitas de familiares e, em caso de extrema necessidade, usar sempre as m\u00e1scaras\u201d, disse a secret\u00e1ria.<\/p>\n\n\n\n<p><strong>Quem deve buscar os testes em massa?<\/strong><\/p>\n\n\n\n<p>Os testes r\u00e1pidos apontam, apenas, pessoas que j\u00e1 estiveram doentes, mesmo sem apresentar sintomas, ou que tiveram contato com o v\u00edrus em algum momento. Os exames mostram os anticorpos criados pelo organismo justamente para combater a doen\u00e7a. Quem est\u00e1 doente, neste momento, ainda n\u00e3o possui os anticorpos, ou seja, ter\u00e1 sempre um resultado falso negativo.<\/p>\n\n\n\n<p>Pessoas que apresentem sintomas neste momento devem buscar aux\u00edlio nos pontos de apoio. Nos locais, instalados no Centro da cidade e em Itaipava, os pacientes passar\u00e3o por uma avalia\u00e7\u00e3o m\u00e9dica e, de acordo com a necessidade diagnosticada pelos profissionais, poder\u00e3o ser encaminhados aos testes de PCR (SWAB), para detec\u00e7\u00e3o da doen\u00e7a e orienta\u00e7\u00f5es a respeito de isolamento domiciliar ou interna\u00e7\u00e3o. \u201cTemos visto pessoas se sentindo mal indo fazer os testes r\u00e1pidos nos bairros. Pedimos para que n\u00e3o fa\u00e7am isso e que procurem os pontos de apoio caso estejam passando mal neste momento\u201d, explicou a secret\u00e1ria.<\/p>\n","protected":false},"excerpt":{"rendered":"<p>Nesta sexta-feira (11), os testes ser\u00e3o realizados no CEI Nilo Pe\u00e7anha, antigo Cenecista, em Pedro<\/p>\n","protected":false},"author":2,"featured_media":7680,"comment_status":"open","ping_status":"open","sticky":false,"template":"","format":"standard","meta":{"footnotes":""},"categories":[12],"tags":[],"class_list":["post-8021","post","type-post","status-publish","format-standard","has-post-thumbnail","hentry","category-cidade"],"_links":{"self":[{"href":"https:\/\/tvc16.com\/portal\/wp-json\/wp\/v2\/posts\/8021","targetHints":{"allow":["GET"]}}],"collection":[{"href":"https:\/\/tvc16.com\/portal\/wp-json\/wp\/v2\/posts"}],"about":[{"href":"https:\/\/tvc16.com\/portal\/wp-json\/wp\/v2\/types\/post"}],"author":[{"embeddable":true,"href":"https:\/\/tvc16.com\/portal\/wp-json\/wp\/v2\/users\/2"}],"replies":[{"embeddable":true,"href":"https:\/\/tvc16.com\/portal\/wp-json\/wp\/v2\/comments?post=8021"}],"version-history":[{"count":1,"href":"https:\/\/tvc16.com\/portal\/wp-json\/wp\/v2\/posts\/8021\/revisions"}],"predecessor-version":[{"id":8022,"href":"https:\/\/tvc16.com\/portal\/wp-json\/wp\/v2\/posts\/8021\/revisions\/8022"}],"wp:featuredmedia":[{"embeddable":true,"href":"https:\/\/tvc16.com\/portal\/wp-json\/wp\/v2\/media\/7680"}],"wp:attachment":[{"href":"https:\/\/tvc16.com\/portal\/wp-json\/wp\/v2\/media?parent=8021"}],"wp:term":[{"taxonomy":"category","embeddable":true,"href":"https:\/\/tvc16.com\/portal\/wp-json\/wp\/v2\/categories?post=8021"},{"taxonomy":"post_tag","embeddable":true,"href":"https:\/\/tvc16.com\/portal\/wp-json\/wp\/v2\/tags?post=8021"}],"curies":[{"name":"wp","href":"https:\/\/api.w.org\/{rel}","templated":true}]}}