{"id":8023,"date":"2020-12-11T08:20:52","date_gmt":"2020-12-11T11:20:52","guid":{"rendered":"https:\/\/tvc16.com\/portal\/?p=8023"},"modified":"2020-12-11T08:22:08","modified_gmt":"2020-12-11T11:22:08","slug":"covid-19-secretaria-de-saude-recebera-ate-20-de-dezembro-8-milhoes-de-agulhas-e-seringas-para-campanha-de-vacinacao","status":"publish","type":"post","link":"https:\/\/tvc16.com\/portal\/2020\/12\/11\/covid-19-secretaria-de-saude-recebera-ate-20-de-dezembro-8-milhoes-de-agulhas-e-seringas-para-campanha-de-vacinacao\/","title":{"rendered":"Covid-19: Secretaria de Sa\u00fade do RJ receber\u00e1, at\u00e9 20 de dezembro, 8 milh\u00f5es de agulhas e seringas para campanha de vacina\u00e7\u00e3o"},"content":{"rendered":"\n<p><em>Novo lote com mais 8 milh\u00f5es ser\u00e1 entregue em janeiro; estado repassar\u00e1 aos munic\u00edpios c\u00e2maras refrigeradas para estocar doses da vacina<\/em><\/p>\n\n\n\n<p><br>A Secretaria de Estado de Sa\u00fade (SES) vai receber dentro de dez dias o primeiro lote com oito milh\u00f5es de agulhas e seringas que poder\u00e3o ser usadas para a vacina\u00e7\u00e3o da popula\u00e7\u00e3o do Estado do Rio contra a Covid-19 assim que a Ag\u00eancia Nacional de Vigil\u00e2ncia Sanit\u00e1ria (Anvisa) aprovar a compra das vacinas pelo Minist\u00e9rio da Sa\u00fade. Um segundo lote com outras 8 milh\u00f5es de agulhas e seringas ser\u00e1 entregue \u00e0 SES em janeiro.<\/p>\n\n\n\n<p><br>O processo de compra j\u00e1 est\u00e1 conclu\u00eddo. Neste momento, a Secretaria de Sa\u00fade est\u00e1 fazendo o empenho de verbas para a entrega imediata do material. O Plano Nacional de Imuniza\u00e7\u00e3o, do Governo Federal, prev\u00ea a distribui\u00e7\u00e3o de agulhas e seringas aos estados. Mesmo assim, o Governo do Rio adotou um plano de conting\u00eancia estadual, para que n\u00e3o ocorram atrasos na vacina\u00e7\u00e3o dos cidad\u00e3os fluminenses. Os 16 milh\u00f5es de agulhas e seringas ser\u00e3o suficientes, caso necess\u00e1rio, para as quatro primeiras fases da campanha de imuniza\u00e7\u00e3o contra a Covid-19, quando a previs\u00e3o \u00e9 de que sejam vacinadas 3,5 milh\u00f5es de pessoas no estado.<\/p>\n\n\n\n<p><br>Outro processo de aquisi\u00e7\u00e3o, de mais 50 milh\u00f5es de agulhas e seringas, foi iniciado em 4 de dezembro e estar\u00e1 conclu\u00eddo para as fases seguintes da campanha de vacina\u00e7\u00e3o contra a Covid-19. Al\u00e9m disso, o Governo do Rio j\u00e1 iniciou a readequa\u00e7\u00e3o de toda a sua estrutura de log\u00edstica, inclusive as de armazenamento e distribui\u00e7\u00e3o das doses de vacinas, para estar totalmente preparado para o in\u00edcio da vacina\u00e7\u00e3o.<\/p>\n\n\n\n<p>&nbsp;<br>Em agosto, foi iniciado o processo de compra de 164 c\u00e2maras refrigeradas que ser\u00e3o enviadas aos munic\u00edpios fluminenses, para ajudar na montagem da infraestrutura local. O Governo do Estado j\u00e1 tem a infraestrutura de armazenamento e distribui\u00e7\u00e3o de doses de vacina, pois faz seguidamente grandes campanhas de imuniza\u00e7\u00e3o contra a gripe e muitas outras doen\u00e7as. A frota da SES ser\u00e1 priorizada para distribui\u00e7\u00e3o das doses de vacinas contra a Covid-19. Parte dos munic\u00edpios tamb\u00e9m disp\u00f5e de ve\u00edculos refrigerados para esse transporte.<\/p>\n","protected":false},"excerpt":{"rendered":"<p>Novo lote com mais 8 milh\u00f5es ser\u00e1 entregue em janeiro; estado repassar\u00e1 aos munic\u00edpios c\u00e2maras<\/p>\n","protected":false},"author":2,"featured_media":8024,"comment_status":"open","ping_status":"open","sticky":false,"template":"","format":"standard","meta":{"footnotes":""},"categories":[13],"tags":[],"class_list":["post-8023","post","type-post","status-publish","format-standard","has-post-thumbnail","hentry","category-saude"],"_links":{"self":[{"href":"https:\/\/tvc16.com\/portal\/wp-json\/wp\/v2\/posts\/8023","targetHints":{"allow":["GET"]}}],"collection":[{"href":"https:\/\/tvc16.com\/portal\/wp-json\/wp\/v2\/posts"}],"about":[{"href":"https:\/\/tvc16.com\/portal\/wp-json\/wp\/v2\/types\/post"}],"author":[{"embeddable":true,"href":"https:\/\/tvc16.com\/portal\/wp-json\/wp\/v2\/users\/2"}],"replies":[{"embeddable":true,"href":"https:\/\/tvc16.com\/portal\/wp-json\/wp\/v2\/comments?post=8023"}],"version-history":[{"count":2,"href":"https:\/\/tvc16.com\/portal\/wp-json\/wp\/v2\/posts\/8023\/revisions"}],"predecessor-version":[{"id":8026,"href":"https:\/\/tvc16.com\/portal\/wp-json\/wp\/v2\/posts\/8023\/revisions\/8026"}],"wp:featuredmedia":[{"embeddable":true,"href":"https:\/\/tvc16.com\/portal\/wp-json\/wp\/v2\/media\/8024"}],"wp:attachment":[{"href":"https:\/\/tvc16.com\/portal\/wp-json\/wp\/v2\/media?parent=8023"}],"wp:term":[{"taxonomy":"category","embeddable":true,"href":"https:\/\/tvc16.com\/portal\/wp-json\/wp\/v2\/categories?post=8023"},{"taxonomy":"post_tag","embeddable":true,"href":"https:\/\/tvc16.com\/portal\/wp-json\/wp\/v2\/tags?post=8023"}],"curies":[{"name":"wp","href":"https:\/\/api.w.org\/{rel}","templated":true}]}}