{"id":8030,"date":"2020-12-11T13:31:33","date_gmt":"2020-12-11T16:31:33","guid":{"rendered":"https:\/\/tvc16.com\/portal\/?p=8030"},"modified":"2020-12-11T13:31:36","modified_gmt":"2020-12-11T16:31:36","slug":"inflacao-de-familias-de-renda-mais-baixa-sobe-1-diz-ipea","status":"publish","type":"post","link":"https:\/\/tvc16.com\/portal\/2020\/12\/11\/inflacao-de-familias-de-renda-mais-baixa-sobe-1-diz-ipea\/","title":{"rendered":"Infla\u00e7\u00e3o de fam\u00edlias de renda mais baixa sobe 1%, diz Ipea"},"content":{"rendered":"\n<h3 class=\"wp-block-heading\">Pre\u00e7os dos alimentos pressionam infla\u00e7\u00e3o das classes mais pobres<\/h3>\n\n\n\n<p>A infla\u00e7\u00e3o para as fam\u00edlias de renda mais baixa, que s\u00e3o as com rendimento familiar mensal menor do que R$ 1.650,50, teve alta de 1% em novembro. Em outubro, tinha sido 0,98%. \u00c9 o que mostra o Indicador Ipea de Infla\u00e7\u00e3o por Faixa de Renda para o m\u00eas, divulgado hoje (11), no Rio de Janeiro, pelo Instituto de Pesquisa Econ\u00f4mica Aplicada (Ipea).&nbsp;<img decoding=\"async\" src=\"https:\/\/agenciabrasil.ebc.com.br\/ebc.png?id=1396175&amp;o=node\"><img decoding=\"async\" src=\"https:\/\/agenciabrasil.ebc.com.br\/ebc.gif?id=1396175&amp;o=node\"><\/p>\n\n\n\n<p>Segundo a pesquisa, a \u00fanica faixa de renda que registrou desacelera\u00e7\u00e3o inflacion\u00e1ria foi a das fam\u00edlias de renda mais alta. Para elas, que t\u00eam rendimento domiciliar superior a R$ 16.509,66, a varia\u00e7\u00e3o de pre\u00e7os caiu de 0,82% em outubro para 0,63% em novembro.<\/p>\n\n\n\n<p>Desde mar\u00e7o deste ano o comportamento dos pre\u00e7os dos alimentos no domic\u00edlio provoca press\u00e3o na infla\u00e7\u00e3o das classes mais pobres. O grupo alimentos e bebidas foi respons\u00e1vel, sozinho, por 75% da infla\u00e7\u00e3o nessa classe de renda em novembro. Os destaques foram os aumentos no arroz (6,3%), batata (29,7%), frango (5,2%), \u00f3leo de soja (9,2%) e carnes (6,5%).<\/p>\n\n\n\n<p>J\u00e1 no grupo transportes, a alta foi causada pelos reajustes dos transportes por aplicativo (7,7%), gasolina (1,6%) e etanol (9,2%), que impactaram, principalmente, as fam\u00edlias mais ricas.<\/p>\n\n\n\n<h2 class=\"wp-block-heading\">Acumulado<\/h2>\n\n\n\n<p>No acumulado do ano, a infla\u00e7\u00e3o das fam\u00edlias de renda alta (1,68%) foi bem menor que a registrada pelas fam\u00edlias de menor poder aquisitivo (4,56%). A pesquisa apontou tamb\u00e9m que, nos 11 primeiros meses de 2020, as fam\u00edlias de maior poder aquisitivo foram beneficiadas com a desacelera\u00e7\u00e3o nos pre\u00e7os dos servi\u00e7os, enquanto a alta nos alimentos permaneceu impactando o custo de vida dos mais pobres.&nbsp;<\/p>\n\n\n\n<p>\u201cNeste ano, o cen\u00e1rio inflacion\u00e1rio combinou forte acelera\u00e7\u00e3o de pre\u00e7os de alimentos com uma alta desacelera\u00e7\u00e3o da infla\u00e7\u00e3o de servi\u00e7os, o que explica o diferencial da infla\u00e7\u00e3o entre as faixas de renda mais baixa e mais alta\u201d, indicou a an\u00e1lise do Ipea.<\/p>\n\n\n\n<p>Entre janeiro e novembro, a cesta de consumo dos mais pobres teve altas que mais pesam no c\u00e1lculo, como o arroz (69,5%), feij\u00e3o (40,8%), leite (25%), \u00f3leo de soja (94,1%), carnes (13,9%) e frango (14%).&nbsp;<\/p>\n\n\n\n<p>Ao contr\u00e1rio, os itens de maior peso para as fam\u00edlias com renda mais alta tiveram defla\u00e7\u00e3o, a exemplo da passagem a\u00e9rea (-35,3%), do transporte por aplicativo (-16,8%), da gasolina (-1,7%) e das despesas com recrea\u00e7\u00e3o (-1,1%).<\/p>\n\n\n\n<p>De acordo com o Ipea, na compara\u00e7\u00e3o com novembro de 2019, a taxa de infla\u00e7\u00e3o da renda muito baixa aumentou 85%, enquanto que para o grupo de renda alta a alta foi menos acentuada (48%). A infla\u00e7\u00e3o das fam\u00edlias mais pobres passou de 0,54% para 1,0%, enquanto as fam\u00edlias mais ricas registraram uma press\u00e3o inflacion\u00e1ria de 0,43% para 0,63%.&nbsp;<\/p>\n\n\n\n<p>Conforme a pesquisa, no acumulado em 12 meses, entre dezembro de 2019 e novembro de 2020, houve aumento na infla\u00e7\u00e3o de todos os segmentos, mas a taxa de infla\u00e7\u00e3o da faixa de renda mais baixa (5,8%) \u201cmant\u00e9m sua trajet\u00f3ria de acelera\u00e7\u00e3o em ritmo superior \u00e0quela apontada na classe de renda mais alta (2,7%)\u201d.<\/p>\n\n\n\n<p>Por Cristina \u00cdndio do Brasil &#8211; Rep\u00f3rter da Ag\u00eancia Brasil &#8211; Rio de Janeiro<\/p>\n\n\n\n<p>Edi\u00e7\u00e3o: Kleber Sampaio<\/p>\n","protected":false},"excerpt":{"rendered":"<p>Pre\u00e7os dos alimentos pressionam infla\u00e7\u00e3o das classes mais pobres A infla\u00e7\u00e3o para as fam\u00edlias de<\/p>\n","protected":false},"author":2,"featured_media":8031,"comment_status":"open","ping_status":"open","sticky":false,"template":"","format":"standard","meta":{"footnotes":""},"categories":[18],"tags":[],"class_list":["post-8030","post","type-post","status-publish","format-standard","has-post-thumbnail","hentry","category-economia"],"_links":{"self":[{"href":"https:\/\/tvc16.com\/portal\/wp-json\/wp\/v2\/posts\/8030","targetHints":{"allow":["GET"]}}],"collection":[{"href":"https:\/\/tvc16.com\/portal\/wp-json\/wp\/v2\/posts"}],"about":[{"href":"https:\/\/tvc16.com\/portal\/wp-json\/wp\/v2\/types\/post"}],"author":[{"embeddable":true,"href":"https:\/\/tvc16.com\/portal\/wp-json\/wp\/v2\/users\/2"}],"replies":[{"embeddable":true,"href":"https:\/\/tvc16.com\/portal\/wp-json\/wp\/v2\/comments?post=8030"}],"version-history":[{"count":1,"href":"https:\/\/tvc16.com\/portal\/wp-json\/wp\/v2\/posts\/8030\/revisions"}],"predecessor-version":[{"id":8032,"href":"https:\/\/tvc16.com\/portal\/wp-json\/wp\/v2\/posts\/8030\/revisions\/8032"}],"wp:featuredmedia":[{"embeddable":true,"href":"https:\/\/tvc16.com\/portal\/wp-json\/wp\/v2\/media\/8031"}],"wp:attachment":[{"href":"https:\/\/tvc16.com\/portal\/wp-json\/wp\/v2\/media?parent=8030"}],"wp:term":[{"taxonomy":"category","embeddable":true,"href":"https:\/\/tvc16.com\/portal\/wp-json\/wp\/v2\/categories?post=8030"},{"taxonomy":"post_tag","embeddable":true,"href":"https:\/\/tvc16.com\/portal\/wp-json\/wp\/v2\/tags?post=8030"}],"curies":[{"name":"wp","href":"https:\/\/api.w.org\/{rel}","templated":true}]}}