{"id":8033,"date":"2020-12-11T13:33:54","date_gmt":"2020-12-11T16:33:54","guid":{"rendered":"https:\/\/tvc16.com\/portal\/?p=8033"},"modified":"2020-12-11T13:33:57","modified_gmt":"2020-12-11T16:33:57","slug":"mato-grosso-do-sul-decreta-toque-de-recolher-a-partir-de-segunda-feira","status":"publish","type":"post","link":"https:\/\/tvc16.com\/portal\/2020\/12\/11\/mato-grosso-do-sul-decreta-toque-de-recolher-a-partir-de-segunda-feira\/","title":{"rendered":"Mato Grosso do Sul decreta toque de recolher a partir de segunda-feira"},"content":{"rendered":"\n<h2 class=\"wp-block-heading\">A medida ser\u00e1 imposta por um per\u00edodo de 15 dias<\/h2>\n\n\n\n<p>O governador de Mato Grosso do Sul, Reinaldo Azambuja, decretou o toque de recolher em todo o estado a partir da pr\u00f3xima segunda-feira (14). A medida ser\u00e1 imposta por um per\u00edodo de 15 dias em raz\u00e3o do aumento de casos de infec\u00e7\u00e3o pelo novo coronav\u00edrus (covid-19).<img decoding=\"async\" src=\"https:\/\/agenciabrasil.ebc.com.br\/ebc.png?id=1396173&amp;o=node\"><img decoding=\"async\" src=\"https:\/\/agenciabrasil.ebc.com.br\/ebc.gif?id=1396173&amp;o=node\"><\/p>\n\n\n\n<p>De acordo com o&nbsp;<a href=\"https:\/\/www.spdo.ms.gov.br\/diariodoe\/Index\/Download\/DO10347_11_12_2020\" target=\"_blank\" rel=\"noreferrer noopener\">decreto publicado hoje (11) no&nbsp;<em>Di\u00e1rio Oficial<\/em>&nbsp;do estado<\/a>, nos 79 munic\u00edpios sul-mato-grossenses os cidad\u00e3os n\u00e3o poder\u00e3o sair de casa entre 22h e 5h. H\u00e1 exce\u00e7\u00e3o em casos de trabalho e emerg\u00eancia m\u00e9dica. Servi\u00e7os n\u00e3o essenciais como bares e restaurantes devem permanecer fechados durante o hor\u00e1rio de restri\u00e7\u00e3o.<\/p>\n\n\n\n<p>\u201cEstamos no limite de ocupa\u00e7\u00e3o dos leitos em todo o Mato Grosso do Sul. Se n\u00e3o adot\u00e1ssemos essa medida neste momento poder\u00edamos explodir a capacidade do Sistema \u00danico de Sa\u00fade (SUS). Como a cada dia que passa mais pessoas est\u00e3o sendo contaminadas, tivemos que pisar no freio para n\u00e3o faltar leitos. Tivemos que tomar essa atitude para evitar mais mortes\u201d, afirmou Reinaldo Azambuja.<\/p>\n\n\n\n<p>Caber\u00e1 \u00e0 Pol\u00edcia Militar, Corpo de Bombeiros Militar e \u00e0 Vigil\u00e2ncia Sanit\u00e1ria Estadual o trabalho de fiscaliza\u00e7\u00e3o do toque de recolher. Guardas municipais e vigil\u00e2ncias sanit\u00e1rias municipais v\u00e3o refor\u00e7ar a inspe\u00e7\u00e3o.<\/p>\n\n\n\n<p>O decreto determina ainda que os munic\u00edpios devem adotar as recomenda\u00e7\u00f5es sanit\u00e1rias definidas pelo Programa de Sa\u00fade e Seguran\u00e7a da Economia (Prosseguir) durante a restri\u00e7\u00e3o de circula\u00e7\u00e3o de pessoas. Casos de munic\u00edpios que n\u00e3o seguirem as regras ser\u00e3o encaminhados ao Minist\u00e9rio P\u00fablico Estadual (MPMS).<\/p>\n\n\n\n<h2 class=\"wp-block-heading\">N\u00fameros<\/h2>\n\n\n\n<p>Em 24 horas, Mato Grosso do Sul registrou 1.236 casos positivos da covid-19 e 18 \u00f3bitos, totalizando 109.785 infectados e 1.888 mortes, desde o in\u00edcio da pandemia.&nbsp;<\/p>\n\n\n\n<p>De acordo com o boletim epidemiol\u00f3gico da doen\u00e7a, a taxa de ocupa\u00e7\u00e3o de leitos cl\u00ednicos e de UTI no estado aumentou drasticamente e j\u00e1 h\u00e1 falta de vagas nas regi\u00f5es de Campo Grande e Corumb\u00e1. J\u00e1 as regi\u00f5es de Dourados e Tr\u00eas Lagoas est\u00e3o com ocupa\u00e7\u00e3o de 78% e 64%, respectivamente. Dados do Prosseguir mostram ainda que 45 dos 79 munic\u00edpios de Mato Grosso do Sul est\u00e3o com grau elevado de contamina\u00e7\u00e3o para o novo coronav\u00edrus.<\/p>\n\n\n\n<p>Por Luciano Nascimento &#8211; Rep\u00f3rter da Ag\u00eancia Brasil &#8211; Bras\u00edlia<\/p>\n\n\n\n<p>Edi\u00e7\u00e3o: Fernando Fraga<\/p>\n","protected":false},"excerpt":{"rendered":"<p>A medida ser\u00e1 imposta por um per\u00edodo de 15 dias O governador de Mato Grosso<\/p>\n","protected":false},"author":2,"featured_media":8034,"comment_status":"open","ping_status":"open","sticky":false,"template":"","format":"standard","meta":{"footnotes":""},"categories":[13],"tags":[],"class_list":["post-8033","post","type-post","status-publish","format-standard","has-post-thumbnail","hentry","category-saude"],"_links":{"self":[{"href":"https:\/\/tvc16.com\/portal\/wp-json\/wp\/v2\/posts\/8033","targetHints":{"allow":["GET"]}}],"collection":[{"href":"https:\/\/tvc16.com\/portal\/wp-json\/wp\/v2\/posts"}],"about":[{"href":"https:\/\/tvc16.com\/portal\/wp-json\/wp\/v2\/types\/post"}],"author":[{"embeddable":true,"href":"https:\/\/tvc16.com\/portal\/wp-json\/wp\/v2\/users\/2"}],"replies":[{"embeddable":true,"href":"https:\/\/tvc16.com\/portal\/wp-json\/wp\/v2\/comments?post=8033"}],"version-history":[{"count":1,"href":"https:\/\/tvc16.com\/portal\/wp-json\/wp\/v2\/posts\/8033\/revisions"}],"predecessor-version":[{"id":8035,"href":"https:\/\/tvc16.com\/portal\/wp-json\/wp\/v2\/posts\/8033\/revisions\/8035"}],"wp:featuredmedia":[{"embeddable":true,"href":"https:\/\/tvc16.com\/portal\/wp-json\/wp\/v2\/media\/8034"}],"wp:attachment":[{"href":"https:\/\/tvc16.com\/portal\/wp-json\/wp\/v2\/media?parent=8033"}],"wp:term":[{"taxonomy":"category","embeddable":true,"href":"https:\/\/tvc16.com\/portal\/wp-json\/wp\/v2\/categories?post=8033"},{"taxonomy":"post_tag","embeddable":true,"href":"https:\/\/tvc16.com\/portal\/wp-json\/wp\/v2\/tags?post=8033"}],"curies":[{"name":"wp","href":"https:\/\/api.w.org\/{rel}","templated":true}]}}