{"id":8036,"date":"2020-12-11T13:36:09","date_gmt":"2020-12-11T16:36:09","guid":{"rendered":"https:\/\/tvc16.com\/portal\/?p=8036"},"modified":"2020-12-11T13:36:12","modified_gmt":"2020-12-11T16:36:12","slug":"ans-comeca-a-valer-suspensao-da-comercializacao-de-12-planos-de-saude","status":"publish","type":"post","link":"https:\/\/tvc16.com\/portal\/2020\/12\/11\/ans-comeca-a-valer-suspensao-da-comercializacao-de-12-planos-de-saude\/","title":{"rendered":"ANS: come\u00e7a a valer suspens\u00e3o da comercializa\u00e7\u00e3o de 12 planos de sa\u00fade"},"content":{"rendered":"\n<h3 class=\"wp-block-heading\">Ao todo, 12.290 benefici\u00e1rios ficam protegidos com a medida<\/h3>\n\n\n\n<p>A Ag\u00eancia Nacional de Sa\u00fade Suplementar (ANS) divulgou a&nbsp;<a href=\"http:\/\/www.ans.gov.br\/planos-de-saude-e-operadoras\/contratacao-e-troca-de-plano\/planos-de-saude-com-comercializacao-suspensa\/operadoras-com-planos-suspensos\" target=\"_blank\" rel=\"noreferrer noopener\">lista<\/a>&nbsp;de planos de sa\u00fade que ter\u00e3o a venda temporariamente suspensa, a partir desta sexta-feira (11), devido a reclama\u00e7\u00f5es relacionadas a cobertura assistencial. Nesse ciclo, a ANS determinou a suspens\u00e3o de 12 planos de tr\u00eas operadoras por conta de reclama\u00e7\u00f5es efetuadas no terceiro trimestre.<img decoding=\"async\" src=\"https:\/\/agenciabrasil.ebc.com.br\/ebc.png?id=1396171&amp;o=node\"><img decoding=\"async\" src=\"https:\/\/agenciabrasil.ebc.com.br\/ebc.gif?id=1396171&amp;o=node\"><\/p>\n\n\n\n<p>Ao todo, segundo a ANS, 12.290 benefici\u00e1rios ficam protegidos com a medida, j\u00e1 que esses planos s\u00f3 poder\u00e3o voltar a ser comercializados para novos clientes se as operadoras apresentarem melhora no resultado.<\/p>\n\n\n\n<p>A medida faz parte do Monitoramento da Garantia de Atendimento, que acompanha regularmente o desempenho do setor para prote\u00e7\u00e3o dos consumidores.<\/p>\n\n\n\n<p>Al\u00e9m das suspens\u00f5es, a&nbsp;<a href=\"http:\/\/www.ans.gov.br\/planos-de-saude-e-operadoras\/contratacao-e-troca-de-plano\/planos-de-saude-com-comercializacao-suspensa\/operadoras-com-planos-reativados\" target=\"_blank\" rel=\"noreferrer noopener\">ANS<\/a>&nbsp;tamb\u00e9m divulgou a lista de planos que poder\u00e3o voltar a ser comercializados. Nesse ciclo, tr\u00eas planos de duas operadoras tiveram a venda liberada pelo monitoramento.<\/p>\n\n\n\n<p>Segundo a ag\u00eancia, as reclama\u00e7\u00f5es recebidas consideradas no monitoramento se referem ao descumprimento dos prazos m\u00e1ximos para realiza\u00e7\u00e3o de consultas, exames e cirurgias ou negativa de cobertura assistencial. A partir dessas informa\u00e7\u00f5es, as operadoras s\u00e3o classificadas em faixas, possibilitando uma an\u00e1lise comparativa entre elas e acarretando a suspens\u00e3o da comercializa\u00e7\u00e3o dos planos mais reclamados.&nbsp;<\/p>\n\n\n\n<p>Quando uma operadora tem um produto com comercializa\u00e7\u00e3o suspensa em decorr\u00eancia do monitoramento, ela n\u00e3o pode registrar nenhum novo plano que seja an\u00e1logo aos que estiverem na lista de suspens\u00e3o e nem receber novos benefici\u00e1rios nos planos de sa\u00fade com comercializa\u00e7\u00e3o suspensa por esse motivo (com exce\u00e7\u00e3o de novo c\u00f4njuge ou filho e de ex-empregados demitidos ou aposentados).<\/p>\n\n\n\n<p>Por Ana Cristina Campos \u2013 Rep\u00f3rter da Ag\u00eancia Brasil &#8211; Rio de Janeiro<\/p>\n\n\n\n<p>Edi\u00e7\u00e3o: Val\u00e9ria Aguiar<\/p>\n","protected":false},"excerpt":{"rendered":"<p>Ao todo, 12.290 benefici\u00e1rios ficam protegidos com a medida A Ag\u00eancia Nacional de Sa\u00fade Suplementar<\/p>\n","protected":false},"author":2,"featured_media":8037,"comment_status":"open","ping_status":"open","sticky":false,"template":"","format":"standard","meta":{"footnotes":""},"categories":[13],"tags":[],"class_list":["post-8036","post","type-post","status-publish","format-standard","has-post-thumbnail","hentry","category-saude"],"_links":{"self":[{"href":"https:\/\/tvc16.com\/portal\/wp-json\/wp\/v2\/posts\/8036","targetHints":{"allow":["GET"]}}],"collection":[{"href":"https:\/\/tvc16.com\/portal\/wp-json\/wp\/v2\/posts"}],"about":[{"href":"https:\/\/tvc16.com\/portal\/wp-json\/wp\/v2\/types\/post"}],"author":[{"embeddable":true,"href":"https:\/\/tvc16.com\/portal\/wp-json\/wp\/v2\/users\/2"}],"replies":[{"embeddable":true,"href":"https:\/\/tvc16.com\/portal\/wp-json\/wp\/v2\/comments?post=8036"}],"version-history":[{"count":1,"href":"https:\/\/tvc16.com\/portal\/wp-json\/wp\/v2\/posts\/8036\/revisions"}],"predecessor-version":[{"id":8038,"href":"https:\/\/tvc16.com\/portal\/wp-json\/wp\/v2\/posts\/8036\/revisions\/8038"}],"wp:featuredmedia":[{"embeddable":true,"href":"https:\/\/tvc16.com\/portal\/wp-json\/wp\/v2\/media\/8037"}],"wp:attachment":[{"href":"https:\/\/tvc16.com\/portal\/wp-json\/wp\/v2\/media?parent=8036"}],"wp:term":[{"taxonomy":"category","embeddable":true,"href":"https:\/\/tvc16.com\/portal\/wp-json\/wp\/v2\/categories?post=8036"},{"taxonomy":"post_tag","embeddable":true,"href":"https:\/\/tvc16.com\/portal\/wp-json\/wp\/v2\/tags?post=8036"}],"curies":[{"name":"wp","href":"https:\/\/api.w.org\/{rel}","templated":true}]}}