{"id":8039,"date":"2020-12-11T13:38:53","date_gmt":"2020-12-11T16:38:53","guid":{"rendered":"https:\/\/tvc16.com\/portal\/?p=8039"},"modified":"2020-12-11T13:38:55","modified_gmt":"2020-12-11T16:38:55","slug":"policia-federal-recebe-autorizacao-de-1-500-vagas-para-concurso","status":"publish","type":"post","link":"https:\/\/tvc16.com\/portal\/2020\/12\/11\/policia-federal-recebe-autorizacao-de-1-500-vagas-para-concurso\/","title":{"rendered":"Pol\u00edcia Federal recebe autoriza\u00e7\u00e3o de 1.500 vagas para concurso"},"content":{"rendered":"\n<h3 class=\"wp-block-heading\">Portaria foi publicada hoje no Di\u00e1rio Oficial da Uni\u00e3o<\/h3>\n\n\n\n<p>O&nbsp;<em>Di\u00e1rio Oficial da Uni\u00e3o<\/em>&nbsp;(DOU) publicou hoje (11) autoriza\u00e7\u00e3o para a realiza\u00e7\u00e3o de concurso p\u00fablico para o preenchimento de cargos na Pol\u00edcia Federal. No total, o concurso prev\u00ea a disponibiliza\u00e7\u00e3o de 1.500 vagas de n\u00edvel superior para os cargos de delegado, escriv\u00e3o, papiloscopista e agente de pol\u00edcia federal.<img decoding=\"async\" src=\"https:\/\/agenciabrasil.ebc.com.br\/ebc.png?id=1396159&amp;o=node\"><img decoding=\"async\" src=\"https:\/\/agenciabrasil.ebc.com.br\/ebc.gif?id=1396159&amp;o=node\"><\/p>\n\n\n\n<p>De acordo com a&nbsp;<a href=\"https:\/\/www.in.gov.br\/en\/web\/dou\/-\/portaria-n-14.358-dg\/pf-de-9-de-dezembro-de-2020-293533805\" target=\"_blank\" rel=\"noreferrer noopener\">Portaria 14.358<\/a>, que trata do assunto, o prazo para a publica\u00e7\u00e3o do edital de abertura de inscri\u00e7\u00f5es ser\u00e1 de at\u00e9 seis meses.<\/p>\n\n\n\n<p>S\u00e3o 123 postos para delegado, 400 vagas para escriv\u00e3o, 84 para papiloscopista e 893 para agentes.<\/p>\n\n\n\n<p>O \u00faltimo concurso da PF foi realizado em 2018 e ofereceu 500 vagas de n\u00edvel superior.<\/p>\n\n\n\n<p>Por Luciano Nascimento &#8211; Rep\u00f3rter da Ag\u00eancia Brasil &#8211; Bras\u00edlia<\/p>\n\n\n\n<p>Edi\u00e7\u00e3o: Maria Claudia<\/p>\n","protected":false},"excerpt":{"rendered":"<p>Portaria foi publicada hoje no Di\u00e1rio Oficial da Uni\u00e3o O&nbsp;Di\u00e1rio Oficial da Uni\u00e3o&nbsp;(DOU) publicou hoje<\/p>\n","protected":false},"author":2,"featured_media":8040,"comment_status":"open","ping_status":"open","sticky":false,"template":"","format":"standard","meta":{"footnotes":""},"categories":[17],"tags":[],"class_list":["post-8039","post","type-post","status-publish","format-standard","has-post-thumbnail","hentry","category-outras-noticias"],"_links":{"self":[{"href":"https:\/\/tvc16.com\/portal\/wp-json\/wp\/v2\/posts\/8039","targetHints":{"allow":["GET"]}}],"collection":[{"href":"https:\/\/tvc16.com\/portal\/wp-json\/wp\/v2\/posts"}],"about":[{"href":"https:\/\/tvc16.com\/portal\/wp-json\/wp\/v2\/types\/post"}],"author":[{"embeddable":true,"href":"https:\/\/tvc16.com\/portal\/wp-json\/wp\/v2\/users\/2"}],"replies":[{"embeddable":true,"href":"https:\/\/tvc16.com\/portal\/wp-json\/wp\/v2\/comments?post=8039"}],"version-history":[{"count":1,"href":"https:\/\/tvc16.com\/portal\/wp-json\/wp\/v2\/posts\/8039\/revisions"}],"predecessor-version":[{"id":8041,"href":"https:\/\/tvc16.com\/portal\/wp-json\/wp\/v2\/posts\/8039\/revisions\/8041"}],"wp:featuredmedia":[{"embeddable":true,"href":"https:\/\/tvc16.com\/portal\/wp-json\/wp\/v2\/media\/8040"}],"wp:attachment":[{"href":"https:\/\/tvc16.com\/portal\/wp-json\/wp\/v2\/media?parent=8039"}],"wp:term":[{"taxonomy":"category","embeddable":true,"href":"https:\/\/tvc16.com\/portal\/wp-json\/wp\/v2\/categories?post=8039"},{"taxonomy":"post_tag","embeddable":true,"href":"https:\/\/tvc16.com\/portal\/wp-json\/wp\/v2\/tags?post=8039"}],"curies":[{"name":"wp","href":"https:\/\/api.w.org\/{rel}","templated":true}]}}