{"id":8042,"date":"2020-12-11T13:42:36","date_gmt":"2020-12-11T16:42:36","guid":{"rendered":"https:\/\/tvc16.com\/portal\/?p=8042"},"modified":"2020-12-11T13:42:38","modified_gmt":"2020-12-11T16:42:38","slug":"unicef-pobreza-infantil-vai-se-manter-elevada-durante-cinco-anos","status":"publish","type":"post","link":"https:\/\/tvc16.com\/portal\/2020\/12\/11\/unicef-pobreza-infantil-vai-se-manter-elevada-durante-cinco-anos\/","title":{"rendered":"Unicef: pobreza infantil vai se manter elevada durante cinco anos"},"content":{"rendered":"\n<h3 class=\"wp-block-heading\">Ag\u00eancia da ONU divulgou relat\u00f3rio sobre apoio a fam\u00edlias e crian\u00e7as<\/h3>\n\n\n\n<p>A pobreza infantil vai permanecer acima dos n\u00edveis registrados antes do aparecimento da covid-19 durante pelo menos cinco anos nos pa\u00edses mais ricos, alertou hoje (11) o Fundo das Na\u00e7\u00f5es Unidas para a Inf\u00e2ncia&nbsp;(Unicef), defendendo&nbsp;maior apoio direto \u00e0s crian\u00e7as.<img decoding=\"async\" src=\"https:\/\/agenciabrasil.ebc.com.br\/ebc.png?id=1396167&amp;o=node\"><img decoding=\"async\" src=\"https:\/\/agenciabrasil.ebc.com.br\/ebc.gif?id=1396167&amp;o=node\"><\/p>\n\n\n\n<p>Segundo relat\u00f3rio divulgado hoje pela institui\u00e7\u00e3o, a ajuda financeira repassada&nbsp;pelos governos para combater a crise provocada pelos efeitos da pandemia, tem sido destinada sobretudo \u00e0s empresas e apenas 2% foram dirigidos&nbsp;\u00e0s crian\u00e7as.<\/p>\n\n\n\n<p>Por isso, o&nbsp;Unicef&nbsp; pede &#8220;maior equil\u00edbrio das despesas, de forma a garantir apoio mais direto \u00e0s crian\u00e7as&#8221;. O pedido \u00e9 feito no relat\u00f3rio&nbsp;<em>Apoio&nbsp;\u00e0s Fam\u00edlias e \u00e0s Crian\u00e7as al\u00e9m da Covid-19: Prote\u00e7\u00e3o Social nos Pa\u00edses Mais Ricos<\/em>.<\/p>\n\n\n\n<p>O documento, produzido pelo Centro de Investiga\u00e7\u00e3o do&nbsp;Unicef, o Innocenti, conclui que 90% dos apoios financeiros foram dirigidos a empresas, tendo sido atribu\u00eddos, entre fevereiro e o fim&nbsp;de julho, o &#8220;valor hist\u00f3rico&#8221; de US$ 10,8 bilh\u00f5es.<\/p>\n\n\n\n<p>Este valor, destinado a financiar a resposta \u00e0 covid-19 nos pa\u00edses desenvolvidos, foi destinado&nbsp;por meio&nbsp;de pacotes de apoio fiscal dirigidos a empresas.<\/p>\n\n\n\n<p>&#8220;Embora sejam essenciais na resposta \u00e0 crise, os apoios \u00e0s empresas v\u00e3o, inevitavelmente, excluir as crian\u00e7as mais marginalizadas e suas fam\u00edlias, o que significa que as crian\u00e7as que est\u00e3o numa situa\u00e7\u00e3o pior ser\u00e3o as mais afetadas&#8221;, diz&nbsp;a organiza\u00e7\u00e3o no relat\u00f3rio.<\/p>\n\n\n\n<p>O Unicef destaca&nbsp;que \u00e9&nbsp;imprescind\u00edvel &#8220;maior equil\u00edbrio&#8221; dos apoios&nbsp;para beneficiar as crian\u00e7as, acrescentando&nbsp;que cerca de um ter\u00e7o dos pa\u00edses da Organiza\u00e7\u00e3o para a Coopera\u00e7\u00e3o e Desenvolvimento Econ\u00f4mico (OCDE) e da Uni\u00e3o Europeia &#8220;n\u00e3o implementaram quaisquer pol\u00edticas de apoio \u00e0s crian\u00e7as no \u00e2mbito da resposta \u00e0 primeira fase da pandemia&#8221;.<\/p>\n\n\n\n<p>Mesmo entre os que investiram em interven\u00e7\u00f5es de prote\u00e7\u00e3o social para crian\u00e7as e fam\u00edlias &#8211; incluindo cuidados infantis, alimenta\u00e7\u00e3o escolar e abonos de fam\u00edlia &#8211; &#8220;a maioria apenas o fez, em m\u00e9dia, durante tr\u00eas meses&#8221;, alerta.<\/p>\n\n\n\n<p>Para o&nbsp;Unicef, essas medidas de curto prazo s\u00e3o &#8220;completamente inadequadas&#8221; para enfrentar a dura\u00e7\u00e3o estimada da crise e os riscos de pobreza infantil a longo prazo e, por isso, lan\u00e7a algumas recomenda\u00e7\u00f5es.<\/p>\n\n\n\n<p>\u00c9 preciso aumentar as despesas de prote\u00e7\u00e3o social para proteger as crian\u00e7as at\u00e9 porque, &#8220;com o tempo, passar\u00e1 a haver uma procura maior por interven\u00e7\u00f5es sociais mais intensivas&#8221;.<\/p>\n\n\n\n<p>Al\u00e9m disso, a organiza\u00e7\u00e3o&nbsp;considera que \u00e9 necess\u00e1rio flexibilizar os crit\u00e9rios de elegibilidade para as pol\u00edticas familiares existentes &#8220;a fim de&nbsp;permitir a todas as fam\u00edlias vulner\u00e1veis com crian\u00e7as (fam\u00edlias desempregadas, pessoas no limiar da pobreza e migrantes) o acesso aos benef\u00edcios&#8221;.<\/p>\n\n\n\n<p>As respostas de prote\u00e7\u00e3o civil tamb\u00e9m devem ser diversificadas durante a covid-19, adianta a organiza\u00e7\u00e3o, propondo refor\u00e7os na &#8220;alimenta\u00e7\u00e3o escolar e\/ou servi\u00e7os de substitui\u00e7\u00e3o, nos cuidados infantis, nos cuidados de sa\u00fade e nos perd\u00f5es de d\u00edvida em servi\u00e7os b\u00e1sicos, arrendamento e\/ou hipotecas&#8221;.<\/p>\n\n\n\n<p>O per\u00edodo ap\u00f3s a crise mais direta da covid-19 tamb\u00e9m deve ser alvo de prepara\u00e7\u00e3o, defende a institui\u00e7\u00e3o, considerando que a resposta \u00e0 pandemia deve integrar &#8220;pol\u00edticas familiares inclusivas &#8211; concebidas especificamente para proteger as crian\u00e7as da pobreza, e melhorar o bem-estar de todas&#8221;.<\/p>\n\n\n\n<p>A ag\u00eancia da ONU pretende ainda que sejam mantidos os apoios \u00e0s empresas, mas que passem a incluir &#8220;condi\u00e7\u00f5es que procurem promover o investimento p\u00fablico equitativo e amigo das fam\u00edlias&#8221;, dando como exemplo, a regula\u00e7\u00e3o das licen\u00e7as e as condi\u00e7\u00f5es de trabalho dos pais.<\/p>\n\n\n\n<p>\u00c9 ainda necess\u00e1rio, adianta o relat\u00f3rio, &#8220;proteger os benef\u00edcios e servi\u00e7os existentes, para crian\u00e7as e fam\u00edlias, da austeridade &#8211; cujo impacto tende a aumentar a viol\u00eancia, as situa\u00e7\u00f5es de sem-abrigo, problemas de sa\u00fade e a institucionaliza\u00e7\u00e3o de crian\u00e7as&#8221;.<\/p>\n\n\n\n<p>Por fim, o&nbsp;Unicef pede que se olhe para o longo prazo e reforce os sistemas de prote\u00e7\u00e3o social e as pol\u00edticas que combatam a pobreza de crian\u00e7as e fam\u00edlias, com o objetivo de&nbsp;diminuir o impacto de poss\u00edveis crises futuras.<\/p>\n\n\n\n<p>&#8220;Estamos&nbsp;incentivando&nbsp;os governos a refor\u00e7ar a prote\u00e7\u00e3o social das crian\u00e7as, juntamente com o apoio \u00e0s empresas&#8221;, afirmou a diretora do Gabinete de Investiga\u00e7\u00e3o do&nbsp;Unicef-Innocenti, Gunilla Olsson.<\/p>\n\n\n\n<p>Temos de ter &#8220;pol\u00edticas mais fortes, centradas na fam\u00edlia, [que] devem incluir uma combina\u00e7\u00e3o de apoio incondicional ao rendimento das mais pobres, subs\u00eddios de alimenta\u00e7\u00e3o, cuidados infantis e servi\u00e7os b\u00e1sicos e perd\u00e3o de d\u00edvidas de longo prazo, tanto no arrendamento quanto em hipotecas&#8221;.<\/p>\n\n\n\n<p>Por RTP &#8211; Lisboa<\/p>\n","protected":false},"excerpt":{"rendered":"<p>Ag\u00eancia da ONU divulgou relat\u00f3rio sobre apoio a fam\u00edlias e crian\u00e7as A pobreza infantil vai<\/p>\n","protected":false},"author":2,"featured_media":8043,"comment_status":"open","ping_status":"open","sticky":false,"template":"","format":"standard","meta":{"footnotes":""},"categories":[22],"tags":[],"class_list":["post-8042","post","type-post","status-publish","format-standard","has-post-thumbnail","hentry","category-internacional"],"_links":{"self":[{"href":"https:\/\/tvc16.com\/portal\/wp-json\/wp\/v2\/posts\/8042","targetHints":{"allow":["GET"]}}],"collection":[{"href":"https:\/\/tvc16.com\/portal\/wp-json\/wp\/v2\/posts"}],"about":[{"href":"https:\/\/tvc16.com\/portal\/wp-json\/wp\/v2\/types\/post"}],"author":[{"embeddable":true,"href":"https:\/\/tvc16.com\/portal\/wp-json\/wp\/v2\/users\/2"}],"replies":[{"embeddable":true,"href":"https:\/\/tvc16.com\/portal\/wp-json\/wp\/v2\/comments?post=8042"}],"version-history":[{"count":1,"href":"https:\/\/tvc16.com\/portal\/wp-json\/wp\/v2\/posts\/8042\/revisions"}],"predecessor-version":[{"id":8044,"href":"https:\/\/tvc16.com\/portal\/wp-json\/wp\/v2\/posts\/8042\/revisions\/8044"}],"wp:featuredmedia":[{"embeddable":true,"href":"https:\/\/tvc16.com\/portal\/wp-json\/wp\/v2\/media\/8043"}],"wp:attachment":[{"href":"https:\/\/tvc16.com\/portal\/wp-json\/wp\/v2\/media?parent=8042"}],"wp:term":[{"taxonomy":"category","embeddable":true,"href":"https:\/\/tvc16.com\/portal\/wp-json\/wp\/v2\/categories?post=8042"},{"taxonomy":"post_tag","embeddable":true,"href":"https:\/\/tvc16.com\/portal\/wp-json\/wp\/v2\/tags?post=8042"}],"curies":[{"name":"wp","href":"https:\/\/api.w.org\/{rel}","templated":true}]}}