{"id":8045,"date":"2020-12-11T13:45:23","date_gmt":"2020-12-11T16:45:23","guid":{"rendered":"https:\/\/tvc16.com\/portal\/?p=8045"},"modified":"2020-12-11T13:45:26","modified_gmt":"2020-12-11T16:45:26","slug":"argentina-camara-dos-deputados-aprova-descriminalizacao-do-aborto","status":"publish","type":"post","link":"https:\/\/tvc16.com\/portal\/2020\/12\/11\/argentina-camara-dos-deputados-aprova-descriminalizacao-do-aborto\/","title":{"rendered":"Argentina: C\u00e2mara dos Deputados aprova descriminaliza\u00e7\u00e3o do aborto"},"content":{"rendered":"\n<h2 class=\"wp-block-heading\"><\/h2>\n\n\n\n<h3 class=\"wp-block-heading\">Projeto segue agora para o Senado<\/h3>\n\n\n\n<p>A C\u00e2mara dos Deputados da Argentina aprovou hoje (11), por 131 votos a favor, 117 contra e seis absten\u00e7\u00f5es, o projeto de interrup\u00e7\u00e3o volunt\u00e1ria da gravidez. Pelo projeto, que segue agora para o Senado, o aborto \u00e9 permitido at\u00e9 a 14\u00aa semana de gesta\u00e7\u00e3o.<img decoding=\"async\" src=\"https:\/\/agenciabrasil.ebc.com.br\/ebc.png?id=1396164&amp;o=node\"><img decoding=\"async\" src=\"https:\/\/agenciabrasil.ebc.com.br\/ebc.gif?id=1396164&amp;o=node\"><\/p>\n\n\n\n<p>Um&nbsp;extenso debate se prolongou por 20 horas. Manifestantes acompanharam a sess\u00e3o durante toda a noite nas imedia\u00e7\u00f5es do Congresso.&nbsp;<\/p>\n\n\n\n<p>Durante pouco mais de 20 horas, 164 oradores se manifestaram contra e&nbsp;a favor do projeto. A sess\u00e3o especial, que come\u00e7ou pouco depois das 11h, teve a presen\u00e7a, entre outros,&nbsp;da ministra das Mulheres e Diversidades, Elizabet G\u00f3mez Alcorta, do ministro da Sa\u00fade,&nbsp;Gin\u00e9s Gonz\u00e1lez Garc\u00eda, da&nbsp;secret\u00e1ria&nbsp;de Sa\u00fade, Carla Vizzotti, e da secret\u00e1ria Legal e T\u00e9cnica, Vilma Ibarra.<\/p>\n\n\n\n<p>O projeto reconhece&nbsp;a decis\u00e3o&nbsp;de profissionais que n\u00e3o queiram realizar o procedimento e estabelece que se uma institui\u00e7\u00e3o privada se recusar a fazer o aborto, deve transferir o paciente a outro hospital. No caso de menores de 16 anos, ser\u00e1 necess\u00e1ria autoriza\u00e7\u00e3o dos representantes legais.<\/p>\n\n\n\n<p>Ap\u00f3s a aprova\u00e7\u00e3o do projeto, foram iniciados debates sobre medidas que estabelecem um plano de mil dias de prote\u00e7\u00e3o integral da gestante, at\u00e9 os primeiros anos da crian\u00e7a.<\/p>\n\n\n\n<p>Por Ag\u00eancia Brasil* &#8211; Buenos Aires<\/p>\n\n\n\n<p><em>*Com informa\u00e7\u00f5es da ag\u00eancia de not\u00edcias T\u00e9lam<\/em><\/p>\n\n\n\n<p>Edi\u00e7\u00e3o: Gra\u00e7a Adjuto<\/p>\n","protected":false},"excerpt":{"rendered":"<p>Projeto segue agora para o Senado A C\u00e2mara dos Deputados da Argentina aprovou hoje (11),<\/p>\n","protected":false},"author":2,"featured_media":8046,"comment_status":"open","ping_status":"open","sticky":false,"template":"","format":"standard","meta":{"footnotes":""},"categories":[1],"tags":[],"class_list":["post-8045","post","type-post","status-publish","format-standard","has-post-thumbnail","hentry","category-uncategorized"],"_links":{"self":[{"href":"https:\/\/tvc16.com\/portal\/wp-json\/wp\/v2\/posts\/8045","targetHints":{"allow":["GET"]}}],"collection":[{"href":"https:\/\/tvc16.com\/portal\/wp-json\/wp\/v2\/posts"}],"about":[{"href":"https:\/\/tvc16.com\/portal\/wp-json\/wp\/v2\/types\/post"}],"author":[{"embeddable":true,"href":"https:\/\/tvc16.com\/portal\/wp-json\/wp\/v2\/users\/2"}],"replies":[{"embeddable":true,"href":"https:\/\/tvc16.com\/portal\/wp-json\/wp\/v2\/comments?post=8045"}],"version-history":[{"count":1,"href":"https:\/\/tvc16.com\/portal\/wp-json\/wp\/v2\/posts\/8045\/revisions"}],"predecessor-version":[{"id":8047,"href":"https:\/\/tvc16.com\/portal\/wp-json\/wp\/v2\/posts\/8045\/revisions\/8047"}],"wp:featuredmedia":[{"embeddable":true,"href":"https:\/\/tvc16.com\/portal\/wp-json\/wp\/v2\/media\/8046"}],"wp:attachment":[{"href":"https:\/\/tvc16.com\/portal\/wp-json\/wp\/v2\/media?parent=8045"}],"wp:term":[{"taxonomy":"category","embeddable":true,"href":"https:\/\/tvc16.com\/portal\/wp-json\/wp\/v2\/categories?post=8045"},{"taxonomy":"post_tag","embeddable":true,"href":"https:\/\/tvc16.com\/portal\/wp-json\/wp\/v2\/tags?post=8045"}],"curies":[{"name":"wp","href":"https:\/\/api.w.org\/{rel}","templated":true}]}}