{"id":8066,"date":"2020-12-11T21:06:36","date_gmt":"2020-12-12T00:06:36","guid":{"rendered":"https:\/\/tvc16.com\/portal\/?p=8066"},"modified":"2020-12-11T21:06:39","modified_gmt":"2020-12-12T00:06:39","slug":"campanha-de-conscientizacao-rua-teresa-tera-neste-sabado-12-distribuicao-de-mascaras-de-protecao","status":"publish","type":"post","link":"https:\/\/tvc16.com\/portal\/2020\/12\/11\/campanha-de-conscientizacao-rua-teresa-tera-neste-sabado-12-distribuicao-de-mascaras-de-protecao\/","title":{"rendered":"Campanha de conscientiza\u00e7\u00e3o: Rua Teresa ter\u00e1 neste s\u00e1bado (12), distribui\u00e7\u00e3o de m\u00e1scaras de prote\u00e7\u00e3o"},"content":{"rendered":"\n<p><strong>Objetivo \u00e9 promover conscientiza\u00e7\u00e3o sobre o uso de m\u00e1scaras<\/strong><\/p>\n\n\n\n<p>Neste s\u00e1bado (12) personagens vestidos de Mam\u00e3e Noel e Duendes far\u00e3o a distribui\u00e7\u00e3o de m\u00e1scaras de prote\u00e7\u00e3o, gratuitamente, na Rua Teresa. A a\u00e7\u00e3o pretende promover um alerta sobre a import\u00e2ncia de continuarmos usando o item de prote\u00e7\u00e3o individual durante a pandemia. A distribui\u00e7\u00e3o acontece a partir das 12h em pontos espalhados pela Rua Teresa.<\/p>\n\n\n\n<figure class=\"wp-block-image size-large\"><img loading=\"lazy\" decoding=\"async\" width=\"1024\" height=\"768\" src=\"https:\/\/tvc16.com\/portal\/wp-content\/uploads\/2020\/12\/Rua-Teresa-reaberta-Divulgacao.jpg\" alt=\"\" class=\"wp-image-8067\" srcset=\"https:\/\/tvc16.com\/portal\/wp-content\/uploads\/2020\/12\/Rua-Teresa-reaberta-Divulgacao.jpg 1024w, https:\/\/tvc16.com\/portal\/wp-content\/uploads\/2020\/12\/Rua-Teresa-reaberta-Divulgacao-300x225.jpg 300w, https:\/\/tvc16.com\/portal\/wp-content\/uploads\/2020\/12\/Rua-Teresa-reaberta-Divulgacao-768x576.jpg 768w, https:\/\/tvc16.com\/portal\/wp-content\/uploads\/2020\/12\/Rua-Teresa-reaberta-Divulgacao-200x150.jpg 200w\" sizes=\"auto, (max-width: 1024px) 100vw, 1024px\" \/><figcaption>Rua Teresa &#8211; Petr\u00f3polis <\/figcaption><\/figure>\n","protected":false},"excerpt":{"rendered":"<p>Objetivo \u00e9 promover conscientiza\u00e7\u00e3o sobre o uso de m\u00e1scaras Neste s\u00e1bado (12) personagens vestidos de<\/p>\n","protected":false},"author":2,"featured_media":8068,"comment_status":"open","ping_status":"open","sticky":false,"template":"","format":"standard","meta":{"footnotes":""},"categories":[12],"tags":[],"class_list":["post-8066","post","type-post","status-publish","format-standard","has-post-thumbnail","hentry","category-cidade"],"_links":{"self":[{"href":"https:\/\/tvc16.com\/portal\/wp-json\/wp\/v2\/posts\/8066","targetHints":{"allow":["GET"]}}],"collection":[{"href":"https:\/\/tvc16.com\/portal\/wp-json\/wp\/v2\/posts"}],"about":[{"href":"https:\/\/tvc16.com\/portal\/wp-json\/wp\/v2\/types\/post"}],"author":[{"embeddable":true,"href":"https:\/\/tvc16.com\/portal\/wp-json\/wp\/v2\/users\/2"}],"replies":[{"embeddable":true,"href":"https:\/\/tvc16.com\/portal\/wp-json\/wp\/v2\/comments?post=8066"}],"version-history":[{"count":1,"href":"https:\/\/tvc16.com\/portal\/wp-json\/wp\/v2\/posts\/8066\/revisions"}],"predecessor-version":[{"id":8069,"href":"https:\/\/tvc16.com\/portal\/wp-json\/wp\/v2\/posts\/8066\/revisions\/8069"}],"wp:featuredmedia":[{"embeddable":true,"href":"https:\/\/tvc16.com\/portal\/wp-json\/wp\/v2\/media\/8068"}],"wp:attachment":[{"href":"https:\/\/tvc16.com\/portal\/wp-json\/wp\/v2\/media?parent=8066"}],"wp:term":[{"taxonomy":"category","embeddable":true,"href":"https:\/\/tvc16.com\/portal\/wp-json\/wp\/v2\/categories?post=8066"},{"taxonomy":"post_tag","embeddable":true,"href":"https:\/\/tvc16.com\/portal\/wp-json\/wp\/v2\/tags?post=8066"}],"curies":[{"name":"wp","href":"https:\/\/api.w.org\/{rel}","templated":true}]}}