{"id":8070,"date":"2020-12-12T11:01:25","date_gmt":"2020-12-12T14:01:25","guid":{"rendered":"https:\/\/tvc16.com\/portal\/?p=8070"},"modified":"2020-12-12T11:03:08","modified_gmt":"2020-12-12T14:03:08","slug":"choque-de-ordem-posto-em-itaipava-recebeu-autuacao-por-descumprimento-dos-decretos-municipais","status":"publish","type":"post","link":"https:\/\/tvc16.com\/portal\/2020\/12\/12\/choque-de-ordem-posto-em-itaipava-recebeu-autuacao-por-descumprimento-dos-decretos-municipais\/","title":{"rendered":"Choque de ordem: Posto, em Itaipava, recebeu autua\u00e7\u00e3o por descumprimento dos decretos municipais"},"content":{"rendered":"\n<p><strong><em>Trabalho foi intensificado diante do aumento do n\u00famero de casos de COVID-19 na cidade.<\/em><\/strong><\/p>\n\n\n\n<p>Na noite desta sexta-feira (11), a prefeitura promoveu mais uma a\u00e7\u00e3o de fiscaliza\u00e7\u00e3o com o objetivo de evitar a dissemina\u00e7\u00e3o do coronav\u00edrus na Cidade. <\/p>\n\n\n\n<p>Durante a madrugada as equipes percorreram bares e locais de grandes aglomera\u00e7\u00f5es em Itaipava. Um posto de combust\u00edveis foi flagrado, pela terceira vez, com grande quantidade de pessoas aglomeradas e sem m\u00e1scara enquanto faziam uso de bebidas alco\u00f3licas. O posto, que operava como bar ap\u00f3s a meia-noite, j\u00e1 havia sido alertado sobre o descumprimento dos decretos municipais h\u00e1 poucas semanas e, devido \u00e0 reincid\u00eancia, recebeu autua\u00e7\u00e3o imediata.<\/p>\n\n\n\n<figure class=\"wp-block-image size-large\"><img loading=\"lazy\" decoding=\"async\" width=\"1024\" height=\"768\" src=\"https:\/\/tvc16.com\/portal\/wp-content\/uploads\/2020\/12\/05-1024x768.jpg\" alt=\"\" class=\"wp-image-8071\" srcset=\"https:\/\/tvc16.com\/portal\/wp-content\/uploads\/2020\/12\/05-1024x768.jpg 1024w, https:\/\/tvc16.com\/portal\/wp-content\/uploads\/2020\/12\/05-300x225.jpg 300w, https:\/\/tvc16.com\/portal\/wp-content\/uploads\/2020\/12\/05-768x576.jpg 768w, https:\/\/tvc16.com\/portal\/wp-content\/uploads\/2020\/12\/05-200x150.jpg 200w, https:\/\/tvc16.com\/portal\/wp-content\/uploads\/2020\/12\/05.jpg 1280w\" sizes=\"auto, (max-width: 1024px) 100vw, 1024px\" \/><\/figure>\n\n\n\n<p>No in\u00edcio da noite, equipes de fiscaliza\u00e7\u00e3o da Secretaria de Servi\u00e7os, Seguran\u00e7a e Ordem P\u00fablica (SSOP), Posturas, Vigil\u00e2ncia Sanit\u00e1ria, al\u00e9m da Guarda Civil, Corpo de Bombeiros e Pol\u00edcia Militar, abordaram frequentadores dos bares e restaurantes da Rua 13 de Maio, do Centro e bairro Castel\u00e2nea (Pra\u00e7a Pasteur). Um carro de som tamb\u00e9m auxiliou o trabalho das equipes, dando instru\u00e7\u00f5es sobre o uso de m\u00e1scara, \u00e1lcool em gel e manuten\u00e7\u00e3o do distanciamento social, evitando aglomera\u00e7\u00f5es.<\/p>\n\n\n\n<figure class=\"wp-block-image size-large\"><img loading=\"lazy\" decoding=\"async\" width=\"1024\" height=\"768\" src=\"https:\/\/tvc16.com\/portal\/wp-content\/uploads\/2020\/12\/06-1024x768.jpg\" alt=\"\" class=\"wp-image-8073\" srcset=\"https:\/\/tvc16.com\/portal\/wp-content\/uploads\/2020\/12\/06-1024x768.jpg 1024w, https:\/\/tvc16.com\/portal\/wp-content\/uploads\/2020\/12\/06-300x225.jpg 300w, https:\/\/tvc16.com\/portal\/wp-content\/uploads\/2020\/12\/06-768x576.jpg 768w, https:\/\/tvc16.com\/portal\/wp-content\/uploads\/2020\/12\/06-200x150.jpg 200w, https:\/\/tvc16.com\/portal\/wp-content\/uploads\/2020\/12\/06.jpg 1040w\" sizes=\"auto, (max-width: 1024px) 100vw, 1024px\" \/><\/figure>\n\n\n\n<p>&nbsp;&nbsp;&nbsp;&nbsp;&nbsp;&nbsp;&nbsp;&nbsp;&nbsp;&nbsp;&nbsp;&nbsp;&nbsp;&nbsp;A quantidade de pessoas na Rua 13 de Maio, e demais locais do Centro, foi pequena nesta sexta-feira. As equipes orientaram estabelecimentos e poucas pessoas que estavam nas ruas sobre as regras que pro\u00edbem as aglomera\u00e7\u00f5es e tamb\u00e9m refor\u00e7aram a obrigatoriedade do uso de m\u00e1scaras. Tamb\u00e9m foram observados se os estabelecimentos est\u00e3o respeitando as determina\u00e7\u00f5es de distanciamento entre os clientes. Todos os estabelecimentos encerraram as atividades no hor\u00e1rio previsto em decreto e nenhum foi autuado no Centro da cidade.<\/p>\n\n\n\n<p>&nbsp;&nbsp;&nbsp;&nbsp;&nbsp;&nbsp;&nbsp;&nbsp;&nbsp;&nbsp;&nbsp;&nbsp;&nbsp;&nbsp;&nbsp;&nbsp;<\/p>\n","protected":false},"excerpt":{"rendered":"<p>Trabalho foi intensificado diante do aumento do n\u00famero de casos de COVID-19 na cidade. Na<\/p>\n","protected":false},"author":2,"featured_media":8076,"comment_status":"open","ping_status":"open","sticky":false,"template":"","format":"standard","meta":{"footnotes":""},"categories":[12],"tags":[],"class_list":["post-8070","post","type-post","status-publish","format-standard","has-post-thumbnail","hentry","category-cidade"],"_links":{"self":[{"href":"https:\/\/tvc16.com\/portal\/wp-json\/wp\/v2\/posts\/8070","targetHints":{"allow":["GET"]}}],"collection":[{"href":"https:\/\/tvc16.com\/portal\/wp-json\/wp\/v2\/posts"}],"about":[{"href":"https:\/\/tvc16.com\/portal\/wp-json\/wp\/v2\/types\/post"}],"author":[{"embeddable":true,"href":"https:\/\/tvc16.com\/portal\/wp-json\/wp\/v2\/users\/2"}],"replies":[{"embeddable":true,"href":"https:\/\/tvc16.com\/portal\/wp-json\/wp\/v2\/comments?post=8070"}],"version-history":[{"count":2,"href":"https:\/\/tvc16.com\/portal\/wp-json\/wp\/v2\/posts\/8070\/revisions"}],"predecessor-version":[{"id":8077,"href":"https:\/\/tvc16.com\/portal\/wp-json\/wp\/v2\/posts\/8070\/revisions\/8077"}],"wp:featuredmedia":[{"embeddable":true,"href":"https:\/\/tvc16.com\/portal\/wp-json\/wp\/v2\/media\/8076"}],"wp:attachment":[{"href":"https:\/\/tvc16.com\/portal\/wp-json\/wp\/v2\/media?parent=8070"}],"wp:term":[{"taxonomy":"category","embeddable":true,"href":"https:\/\/tvc16.com\/portal\/wp-json\/wp\/v2\/categories?post=8070"},{"taxonomy":"post_tag","embeddable":true,"href":"https:\/\/tvc16.com\/portal\/wp-json\/wp\/v2\/tags?post=8070"}],"curies":[{"name":"wp","href":"https:\/\/api.w.org\/{rel}","templated":true}]}}