{"id":808,"date":"2020-09-21T14:04:10","date_gmt":"2020-09-21T14:04:10","guid":{"rendered":"https:\/\/tvc16.com\/portal\/?p=808"},"modified":"2020-09-21T14:04:10","modified_gmt":"2020-09-21T14:04:10","slug":"combate-ao-aedes-aegypti-prevencao-e-controle-da-dengue-chikungunya-e-zika","status":"publish","type":"post","link":"https:\/\/tvc16.com\/portal\/2020\/09\/21\/combate-ao-aedes-aegypti-prevencao-e-controle-da-dengue-chikungunya-e-zika\/","title":{"rendered":"Combate ao Aedes Aegypti: preven\u00e7\u00e3o e controle da Dengue, Chikungunya e Zika"},"content":{"rendered":"\n<p>O Minist\u00e9rio da Sa\u00fade convoca a popula\u00e7\u00e3o brasileira a continuar, de forma permanente, com a mobiliza\u00e7\u00e3o nacional pelo combate ao mosquito transmissor da dengue, zika e chikungunya, doen\u00e7as que podem gerar outras enfermidades, como microcefalia\u00a0e Guillain-Barr\u00e9, o\u00a0<em>Aedes Aegypti<\/em>.<\/p>\n\n\n\n<p>O per\u00edodo do ver\u00e3o \u00e9 o mais prop\u00edcio \u00e0 prolifera\u00e7\u00e3o do mosquito&nbsp;<em>Aedes aegypti<\/em>, por causa das chuvas, e consequentemente \u00e9 a \u00e9poca de maior risco de infec\u00e7\u00e3o por essas doen\u00e7as. No entanto, a recomenda\u00e7\u00e3o \u00e9 n\u00e3o descuidar nenhum dia do ano e manter todas as posturas poss\u00edveis em a\u00e7\u00e3o para prevenir focos em qualquer \u00e9poca do ano.<\/p>\n\n\n\n<p>Por isso, a popula\u00e7\u00e3o deve ficar atenta e redobrar os cuidados para eliminar poss\u00edveis criadouros do mosquito.\u00a0Essa \u00e9 a \u00fanica forma de preven\u00e7\u00e3o.\u00a0<\/p>\n\n\n\n<p>A principal a\u00e7\u00e3o que a popula\u00e7\u00e3o tem \u00e9 se informar, conscientizar e evitar \u00e1gua parada em qualquer local em que ela possa se acumular, em qualquer \u00e9poca do ano.<\/p>\n\n\n\n<h2 class=\"wp-block-heading\">O que a popula\u00e7\u00e3o deve fazer para combater o mosquito\u00a0<em>Aedes Aegypti<\/em>?<\/h2>\n\n\n\n<ul class=\"wp-block-list\"><li>Manter bem tampado ton\u00e9is, caixas e barris de \u00e1gua;<\/li><li>Lavar semanalmente com \u00e1gua e sab\u00e3o tanques utilizados para armazenar \u00e1gua;<\/li><li>Manter caixas d\u2019agua bem fechadas;<\/li><li>Remover galhos e folhas de calhas;<\/li><li>N\u00e3o deixar \u00e1gua acumulada sobre a laje;<\/li><li>Encher pratinhos de vasos com areia ate a borda ou lav\u00e1-los uma vez por semana;<\/li><li>Trocar \u00e1gua dos vasos e plantas aqu\u00e1ticas uma vez por semana;<\/li><li>Colocar lixos em sacos pl\u00e1sticos em lixeiras fechadas;<\/li><li>Fechar bem os sacos de lixo e n\u00e3o deixar ao alcance de animais;<\/li><li>Manter garrafas de vidro e latinhas de boca para baixo;<\/li><li>Acondicionar pneus em locais cobertos;<\/li><li>Fazer sempre manuten\u00e7\u00e3o de piscinas;<\/li><li>Tampar ralos;<\/li><li>Colocar areia nos cacos de vidro de muros ou cimento;<\/li><li>N\u00e3o deixar \u00e1gua acumulada em folhas secas e tampinhas de garrafas;<\/li><li>Vasos sanit\u00e1rios externos devem ser tampados e verificados semanalmente;<\/li><li>Limpar sempre a bandeja do ar condicionado;<\/li><li>Lonas para cobrir materiais de constru\u00e7\u00e3o devem estar sempre bem esticadas para n\u00e3o acumular \u00e1gua;<\/li><li>Catar sacos pl\u00e1sticos e lixo do quintal.<\/li><\/ul>\n\n\n\n<p>Fonte: Minist\u00e9rio da Sa\u00fade <\/p>\n","protected":false},"excerpt":{"rendered":"<p>O Minist\u00e9rio da Sa\u00fade convoca a popula\u00e7\u00e3o brasileira a continuar, de forma permanente, com a<\/p>\n","protected":false},"author":2,"featured_media":809,"comment_status":"open","ping_status":"open","sticky":false,"template":"","format":"standard","meta":{"footnotes":""},"categories":[13],"tags":[],"class_list":["post-808","post","type-post","status-publish","format-standard","has-post-thumbnail","hentry","category-saude"],"_links":{"self":[{"href":"https:\/\/tvc16.com\/portal\/wp-json\/wp\/v2\/posts\/808","targetHints":{"allow":["GET"]}}],"collection":[{"href":"https:\/\/tvc16.com\/portal\/wp-json\/wp\/v2\/posts"}],"about":[{"href":"https:\/\/tvc16.com\/portal\/wp-json\/wp\/v2\/types\/post"}],"author":[{"embeddable":true,"href":"https:\/\/tvc16.com\/portal\/wp-json\/wp\/v2\/users\/2"}],"replies":[{"embeddable":true,"href":"https:\/\/tvc16.com\/portal\/wp-json\/wp\/v2\/comments?post=808"}],"version-history":[{"count":1,"href":"https:\/\/tvc16.com\/portal\/wp-json\/wp\/v2\/posts\/808\/revisions"}],"predecessor-version":[{"id":810,"href":"https:\/\/tvc16.com\/portal\/wp-json\/wp\/v2\/posts\/808\/revisions\/810"}],"wp:featuredmedia":[{"embeddable":true,"href":"https:\/\/tvc16.com\/portal\/wp-json\/wp\/v2\/media\/809"}],"wp:attachment":[{"href":"https:\/\/tvc16.com\/portal\/wp-json\/wp\/v2\/media?parent=808"}],"wp:term":[{"taxonomy":"category","embeddable":true,"href":"https:\/\/tvc16.com\/portal\/wp-json\/wp\/v2\/categories?post=808"},{"taxonomy":"post_tag","embeddable":true,"href":"https:\/\/tvc16.com\/portal\/wp-json\/wp\/v2\/tags?post=808"}],"curies":[{"name":"wp","href":"https:\/\/api.w.org\/{rel}","templated":true}]}}