{"id":811,"date":"2020-09-21T14:07:24","date_gmt":"2020-09-21T14:07:24","guid":{"rendered":"https:\/\/tvc16.com\/portal\/?p=811"},"modified":"2020-09-21T14:07:24","modified_gmt":"2020-09-21T14:07:24","slug":"brasil-comemora-a-lei-dos-30-anos-da-criacao-do-sus","status":"publish","type":"post","link":"https:\/\/tvc16.com\/portal\/2020\/09\/21\/brasil-comemora-a-lei-dos-30-anos-da-criacao-do-sus\/","title":{"rendered":"Brasil comemora a lei dos 30 anos da cria\u00e7\u00e3o do SUS"},"content":{"rendered":"\n<p><em>Sistema p\u00fablico brasileiro de sa\u00fade completa 30 anos e demonstra sua for\u00e7a no meio da pandemia da Covid-19<\/em><\/p>\n\n\n\n<p>O Sistema \u00danico de Sa\u00fade \u00e9 um dos maiores sistemas de sa\u00fade p\u00fablica do mundo. Ele garante acesso integral, universal e gratuito para toda a popula\u00e7\u00e3o do Brasil, abrangendo desde o simples atendimento para avalia\u00e7\u00e3o da press\u00e3o arterial, at\u00e9 o transplante de \u00f3rg\u00e3os. Esse complexo sistema est\u00e1 presente na vida de todos os brasileiros e completou, no \u00faltimo s\u00e1bado (19\/09), 30 anos da Lei 8080\/1990 que o criou e levou a uma trajet\u00f3ria de muito esfor\u00e7o e desafios enfrentados, diariamente, para proporcionar e garantir o direito universal \u00e0 sa\u00fade como dever do Estado.<\/p>\n\n\n\n<p>Hoje, com a pandemia, \u00e9 poss\u00edvel constatar a for\u00e7a e import\u00e2ncia desse sistema de sa\u00fade, que atende cerca de 70% da popula\u00e7\u00e3o. Sob a gest\u00e3o e uni\u00e3o dos tr\u00eas entes \u2013 governo federal, estados e munic\u00edpios \u2013 foi poss\u00edvel garantir assist\u00eancia aos pacientes infectados pela Covid-19 e o atendimento daqueles que necessitam de tratamentos especializados.<\/p>\n\n\n\n<p>&#8220;N\u00e3o existe outra sa\u00edda para o nosso pa\u00eds com rela\u00e7\u00e3o a sa\u00fade, que n\u00e3o seja o Sistema \u00danico de Sa\u00fade forte e eficiente&#8221;, afirma o ministro da Sa\u00fade, Eduardo Pazuello.<\/p>\n\n\n\n<p>Os pr\u00f3ximos 20 anos j\u00e1 est\u00e3o sendo elaborados pela atual equipe do Minist\u00e9rio da Sa\u00fade. &#8220;Estamos montando a\u00e7\u00f5es estruturantes com projetos estrat\u00e9gicos em todas as \u00e1reas, como Sa\u00fade Digital, Projeto Genoma entre outras que est\u00e3o sendo finalizadas&#8221;, aponta o ministro.<\/p>\n\n\n\n<h2 class=\"wp-block-heading\"><strong>EVOLU\u00c7\u00c3O DO SISTEMA<\/strong><\/h2>\n\n\n\n<p>O sistema p\u00fablico de sa\u00fade no Brasil antes de 1988 atendia a quem contribu\u00eda para a Previd\u00eancia Social. A sa\u00fade era centralizada e de responsabilidade federal, sem a participa\u00e7\u00e3o dos usu\u00e1rios. A popula\u00e7\u00e3o que poderia usar recebia apenas o servi\u00e7o de assist\u00eancia m\u00e9dico-hospitalar. Antes da implementa\u00e7\u00e3o do SUS, sa\u00fade era vista como aus\u00eancia de doen\u00e7as. Na \u00e9poca, cerca de 30 milh\u00f5es de pessoas tinham acesso aos servi\u00e7os hospitalares. As pessoas que n\u00e3o tinham dinheiro dependiam da caridade e da filantropia.<\/p>\n\n\n\n<p>Durante esses 30 anos, a evolu\u00e7\u00e3o do sistema p\u00fablico de sa\u00fade foi importante para todos, sem discrimina\u00e7\u00e3o. Atualmente, o sistema \u00e9 descentralizado, municipalizado e participativo, com 100 mil conselheiros de sa\u00fade. Hoje, sa\u00fade \u00e9 vista como qualidade de vida.<\/p>\n\n\n\n<p>O SUS n\u00e3o \u00e9 apenas assist\u00eancia m\u00e9dico-hospitalar. Tamb\u00e9m desenvolve, nas cidades, no interior, nas fronteiras, portos e aeroportos, outras a\u00e7\u00f5es importantes. Realiza vigil\u00e2ncia permanente nas condi\u00e7\u00f5es sanit\u00e1rias, no saneamento, nos ambientes, na seguran\u00e7a do trabalho, na higiene dos estabelecimentos e servi\u00e7os. Regula o registro de medicamentos, insumos e equipamentos, controla a qualidade dos alimentos e sua manipula\u00e7\u00e3o. Normaliza servi\u00e7os e define padr\u00f5es para garantir maior prote\u00e7\u00e3o \u00e0 sa\u00fade.<\/p>\n\n\n\n<h2 class=\"wp-block-heading\"><strong>DESAFIOS DA SA\u00daDE<\/strong><\/h2>\n\n\n\n<p>Os desafios de um sistema de sa\u00fade s\u00e3o constantes e novas demandas sempre surgem, seja em um enfrentamento de uma nova doen\u00e7a &#8211; como a Covid-19 &#8211; ou at\u00e9 mesmo na incorpora\u00e7\u00e3o de novos medicamentos e de tecnologias de ponta.<\/p>\n\n\n\n<p>O grande desafio, sobretudo, \u00e9 a oferta de servi\u00e7os. A demanda \u00e9 sempre crescente, as mudan\u00e7as tecnol\u00f3gicas s\u00e3o frequentes e a absor\u00e7\u00e3o disso no sistema sofre com duas consequ\u00eancias: a primeira \u00e9 a oferta do servi\u00e7o que precisa ser eficiente para atender em quantidade suficiente e em tempo oportuno todas essas demandas e necessidades, e a segunda \u00e9 o desafio do financiamento, aloca\u00e7\u00e3o de recursos para se ter uma base do melhor resultado poss\u00edvel.<\/p>\n\n\n\n<p>&#8220;O sistema de sa\u00fade nunca est\u00e1 completo, sempre tendo demandas agudas, como por exemplo no caso da pandemia ou demandas que s\u00e3o cronicamente alimentadas por conta do envelhecimento populacional&#8221;, pontua a m\u00e9dica oncologista e chefe de gabinete da Secretaria de Aten\u00e7\u00e3o Especializada \u00e0 Sa\u00fade (SAES) do Minist\u00e9rio da Sa\u00fade, Maria In\u00eas Gadelha.<\/p>\n\n\n\n<h2 class=\"wp-block-heading\"><strong>FORTALECIMENTO<\/strong><\/h2>\n\n\n\n<p>A participa\u00e7\u00e3o de todos, inclusive da popula\u00e7\u00e3o, \u00e9 fundamental para o desenvolvimento e aprimoramento da sa\u00fade. O papel do Minist\u00e9rio da Sa\u00fade, al\u00e9m das pactua\u00e7\u00f5es com os estados e munic\u00edpios &#8211; na tripartite &#8211; \u00e9 desenhar tecnicamente crit\u00e9rios em todas as \u00e1reas para o fortalecimento da sa\u00fade do Brasil para os brasileiros.<\/p>\n\n\n\n<p>A popula\u00e7\u00e3o brasileira deposita bilh\u00f5es de reais para o SUS. S\u00e3o cerca de R$ 500 mi por dia. &#8220;Precisamos ter efetividade, transpar\u00eancia e responsabilidade pelo recurso p\u00fablico, pois n\u00e3o estamos falando de dinheiro, estamos falando da sa\u00fade das pessoas&#8221;, defende o ministro da Sa\u00fade, general Eduardo Pazuello.<\/p>\n\n\n\n<p><strong>Por Bruno Cassiano<\/strong><\/p>\n\n\n\n<p><strong>Minist\u00e9rio da Sa\u00fade<\/strong><\/p>\n","protected":false},"excerpt":{"rendered":"<p>Sistema p\u00fablico brasileiro de sa\u00fade completa 30 anos e demonstra sua for\u00e7a no meio da<\/p>\n","protected":false},"author":2,"featured_media":812,"comment_status":"open","ping_status":"open","sticky":false,"template":"","format":"standard","meta":{"footnotes":""},"categories":[13],"tags":[],"class_list":["post-811","post","type-post","status-publish","format-standard","has-post-thumbnail","hentry","category-saude"],"_links":{"self":[{"href":"https:\/\/tvc16.com\/portal\/wp-json\/wp\/v2\/posts\/811","targetHints":{"allow":["GET"]}}],"collection":[{"href":"https:\/\/tvc16.com\/portal\/wp-json\/wp\/v2\/posts"}],"about":[{"href":"https:\/\/tvc16.com\/portal\/wp-json\/wp\/v2\/types\/post"}],"author":[{"embeddable":true,"href":"https:\/\/tvc16.com\/portal\/wp-json\/wp\/v2\/users\/2"}],"replies":[{"embeddable":true,"href":"https:\/\/tvc16.com\/portal\/wp-json\/wp\/v2\/comments?post=811"}],"version-history":[{"count":1,"href":"https:\/\/tvc16.com\/portal\/wp-json\/wp\/v2\/posts\/811\/revisions"}],"predecessor-version":[{"id":813,"href":"https:\/\/tvc16.com\/portal\/wp-json\/wp\/v2\/posts\/811\/revisions\/813"}],"wp:featuredmedia":[{"embeddable":true,"href":"https:\/\/tvc16.com\/portal\/wp-json\/wp\/v2\/media\/812"}],"wp:attachment":[{"href":"https:\/\/tvc16.com\/portal\/wp-json\/wp\/v2\/media?parent=811"}],"wp:term":[{"taxonomy":"category","embeddable":true,"href":"https:\/\/tvc16.com\/portal\/wp-json\/wp\/v2\/categories?post=811"},{"taxonomy":"post_tag","embeddable":true,"href":"https:\/\/tvc16.com\/portal\/wp-json\/wp\/v2\/tags?post=811"}],"curies":[{"name":"wp","href":"https:\/\/api.w.org\/{rel}","templated":true}]}}