{"id":8133,"date":"2020-12-13T10:41:53","date_gmt":"2020-12-13T13:41:53","guid":{"rendered":"https:\/\/tvc16.com\/portal\/?p=8133"},"modified":"2020-12-13T10:41:56","modified_gmt":"2020-12-13T13:41:56","slug":"escola-de-musica-do-instituto-dos-meninos-cantores-de-petropolis-imcp-encerra-o-ano-com-um-recital-on-line","status":"publish","type":"post","link":"https:\/\/tvc16.com\/portal\/2020\/12\/13\/escola-de-musica-do-instituto-dos-meninos-cantores-de-petropolis-imcp-encerra-o-ano-com-um-recital-on-line\/","title":{"rendered":"Escola de M\u00fasica do Instituto dos Meninos Cantores de Petr\u00f3polis (IMCP) encerra o ano com um recital on-line."},"content":{"rendered":"\n<p>Esta ser\u00e1 a terceira apresenta\u00e7\u00e3o virtual dos alunos, que mantiveram as aulas e os ensaios em casa durante a quarentena.\u00a0 Os alunos v\u00e3o apresentar tudo o que aprenderam durante o ano, nos dias 14 e 15. O recital ser\u00e1 transmitido pela p\u00e1gina do Coral dos Canarinhos no Facebook, sempre \u00e0s 19h.<\/p>\n\n\n\n<figure class=\"wp-block-image size-large\"><img loading=\"lazy\" decoding=\"async\" width=\"1024\" height=\"1024\" src=\"https:\/\/tvc16.com\/portal\/wp-content\/uploads\/2020\/12\/FB_IMG_1607866197339-1024x1024.jpg\" alt=\"\" class=\"wp-image-8134\" srcset=\"https:\/\/tvc16.com\/portal\/wp-content\/uploads\/2020\/12\/FB_IMG_1607866197339-1024x1024.jpg 1024w, https:\/\/tvc16.com\/portal\/wp-content\/uploads\/2020\/12\/FB_IMG_1607866197339-300x300.jpg 300w, https:\/\/tvc16.com\/portal\/wp-content\/uploads\/2020\/12\/FB_IMG_1607866197339-150x150.jpg 150w, https:\/\/tvc16.com\/portal\/wp-content\/uploads\/2020\/12\/FB_IMG_1607866197339-768x768.jpg 768w, https:\/\/tvc16.com\/portal\/wp-content\/uploads\/2020\/12\/FB_IMG_1607866197339.jpg 1080w\" sizes=\"auto, (max-width: 1024px) 100vw, 1024px\" \/><\/figure>\n\n\n\n<p>As apresenta\u00e7\u00f5es ser\u00e3o individuais e contar\u00e3o com a participa\u00e7\u00e3o dos alunos dos cursos de piano, violino, viol\u00e3o, guitarra e canto. No primeiro dia, ser\u00e3o 23 apresenta\u00e7\u00f5es e, no segundo, 24. <\/p>\n\n\n\n<p>\u201cO rendimento dos alunos tamb\u00e9m chamou a aten\u00e7\u00e3o dos professores, que notaram um maior empenho nos ensaios para o recital, talvez porque os palcos ainda assustem\u201d, comentou o diretor art\u00edstico do IMCP, o maestro Marco Aur\u00e9lio Lischt.<\/p>\n\n\n\n<figure class=\"wp-block-image size-large\"><img loading=\"lazy\" decoding=\"async\" width=\"826\" height=\"371\" src=\"https:\/\/tvc16.com\/portal\/wp-content\/uploads\/2020\/12\/images-2-2.jpeg\" alt=\"\" class=\"wp-image-8135\" srcset=\"https:\/\/tvc16.com\/portal\/wp-content\/uploads\/2020\/12\/images-2-2.jpeg 826w, https:\/\/tvc16.com\/portal\/wp-content\/uploads\/2020\/12\/images-2-2-300x135.jpeg 300w, https:\/\/tvc16.com\/portal\/wp-content\/uploads\/2020\/12\/images-2-2-768x345.jpeg 768w\" sizes=\"auto, (max-width: 826px) 100vw, 826px\" \/><figcaption>Maestro Marco Aur\u00e9lio Lischt<\/figcaption><\/figure>\n\n\n\n<p>A Escola de M\u00fasica entra em f\u00e9rias em dezembro e as novas matr\u00edculas podem ser feitas a partir de janeiro. \u201cApesar de todas as dificuldades deste ano at\u00edpico, conseguimos superar. Tivemos um crescimento muito grande da Escola de M\u00fasica, o que mostra que o modelo de aulas on-line deu certo\u201d, avaliou Lischt, que acredita que o pr\u00f3ximo ano ainda comece com as aulas no modelo virtual. \u201cN\u00e3o sabemos ainda quando, mas esperamos poder retornar com as aulas presenciais no pr\u00f3ximo ano, porque precisamos do calor humano e da proximidade com as pessoas\u201d, comentou o maestro.<\/p>\n\n\n\n<div class=\"wp-block-image\"><figure class=\"aligncenter size-large\"><img loading=\"lazy\" decoding=\"async\" width=\"333\" height=\"250\" src=\"https:\/\/tvc16.com\/portal\/wp-content\/uploads\/2020\/12\/8524337951668073.jpg\" alt=\"\" class=\"wp-image-8136\" srcset=\"https:\/\/tvc16.com\/portal\/wp-content\/uploads\/2020\/12\/8524337951668073.jpg 333w, https:\/\/tvc16.com\/portal\/wp-content\/uploads\/2020\/12\/8524337951668073-300x225.jpg 300w, https:\/\/tvc16.com\/portal\/wp-content\/uploads\/2020\/12\/8524337951668073-200x150.jpg 200w\" sizes=\"auto, (max-width: 333px) 100vw, 333px\" \/><figcaption>Maestro Marco Aur\u00e9lio Lischt<\/figcaption><\/figure><\/div>\n\n\n\n<p>A&nbsp;Escola&nbsp;de&nbsp;M\u00fasica&nbsp;do IMCP \u00e9 aberta para pessoas de todas as idades. As aulas podem ser de 30 minutos ou 1 hora, e durante a pandemia est\u00e3o sendo realizadas pela internet. Mais informa\u00e7\u00f5es sobre as atividades do Instituto podem ser consultadas pelo site&nbsp;<a rel=\"noreferrer noopener\" target=\"_blank\" href=\"http:\/\/canarinhos.com.br\/\">http:\/\/canarinhos.com.br<\/a>, pelo Facebook&nbsp;<a rel=\"noreferrer noopener\" target=\"_blank\" href=\"http:\/\/fb.com\/canarinhosdepetropolis\">http:\/\/fb.com\/canarinhosdepetropolis<\/a>&nbsp;ou pelos telefones&nbsp;(24)981245356 e (24)99926-1820.&nbsp;O Instituto dos Meninos Cantores de Petr\u00f3polis fica Rua Santos Dumont, 355, no Centro Hist\u00f3rico.<\/p>\n","protected":false},"excerpt":{"rendered":"<p>Esta ser\u00e1 a terceira apresenta\u00e7\u00e3o virtual dos alunos, que mantiveram as aulas e os ensaios<\/p>\n","protected":false},"author":2,"featured_media":8137,"comment_status":"open","ping_status":"open","sticky":false,"template":"","format":"standard","meta":{"footnotes":""},"categories":[12],"tags":[],"class_list":["post-8133","post","type-post","status-publish","format-standard","has-post-thumbnail","hentry","category-cidade"],"_links":{"self":[{"href":"https:\/\/tvc16.com\/portal\/wp-json\/wp\/v2\/posts\/8133","targetHints":{"allow":["GET"]}}],"collection":[{"href":"https:\/\/tvc16.com\/portal\/wp-json\/wp\/v2\/posts"}],"about":[{"href":"https:\/\/tvc16.com\/portal\/wp-json\/wp\/v2\/types\/post"}],"author":[{"embeddable":true,"href":"https:\/\/tvc16.com\/portal\/wp-json\/wp\/v2\/users\/2"}],"replies":[{"embeddable":true,"href":"https:\/\/tvc16.com\/portal\/wp-json\/wp\/v2\/comments?post=8133"}],"version-history":[{"count":1,"href":"https:\/\/tvc16.com\/portal\/wp-json\/wp\/v2\/posts\/8133\/revisions"}],"predecessor-version":[{"id":8138,"href":"https:\/\/tvc16.com\/portal\/wp-json\/wp\/v2\/posts\/8133\/revisions\/8138"}],"wp:featuredmedia":[{"embeddable":true,"href":"https:\/\/tvc16.com\/portal\/wp-json\/wp\/v2\/media\/8137"}],"wp:attachment":[{"href":"https:\/\/tvc16.com\/portal\/wp-json\/wp\/v2\/media?parent=8133"}],"wp:term":[{"taxonomy":"category","embeddable":true,"href":"https:\/\/tvc16.com\/portal\/wp-json\/wp\/v2\/categories?post=8133"},{"taxonomy":"post_tag","embeddable":true,"href":"https:\/\/tvc16.com\/portal\/wp-json\/wp\/v2\/tags?post=8133"}],"curies":[{"name":"wp","href":"https:\/\/api.w.org\/{rel}","templated":true}]}}