{"id":814,"date":"2020-09-21T14:12:46","date_gmt":"2020-09-21T14:12:46","guid":{"rendered":"https:\/\/tvc16.com\/portal\/?p=814"},"modified":"2020-09-21T23:49:08","modified_gmt":"2020-09-21T23:49:08","slug":"governo-cria-grupo-de-trabalho-para-gerir-distribuicao-de-vacina-contra-a-covid-19","status":"publish","type":"post","link":"https:\/\/tvc16.com\/portal\/2020\/09\/21\/governo-cria-grupo-de-trabalho-para-gerir-distribuicao-de-vacina-contra-a-covid-19\/","title":{"rendered":"Governo cria grupo de trabalho para gerir distribui\u00e7\u00e3o de vacina contra a Covid-19"},"content":{"rendered":"\n<p>Com o avan\u00e7o das pesquisas para o desenvolvimento de uma vacina contra o novo coronav\u00edrus, o governo brasileiro come\u00e7a a preparar sua infraestrutura para distribuir a imuniza\u00e7\u00e3o. Para gerir a compra e a distribui\u00e7\u00e3o da vacina, o Governo Federal criou um Grupo de Trabalho com membros de diversos minist\u00e9rios. O grupo, que ainda n\u00e3o est\u00e1 em funcionamento, vai coordenar as a\u00e7\u00f5es de compra, registro, produ\u00e7\u00e3o e distribui\u00e7\u00e3o das vacinas que tiverem sua efic\u00e1cia comprovada cientificamente.<\/p>\n\n\n\n<p>O conselho, que ser\u00e1 liderado pelo <a href=\"https:\/\/saude.gov.br\/\">Minist\u00e9rio da Sa\u00fade<\/a>, vai definir inclusive as estrat\u00e9gias a serem aplicadas na imuniza\u00e7\u00e3o e quem vai receber primeiro. De acordo com Arnaldo Correia de Medeiros, secret\u00e1rio em vigil\u00e2ncia em Sa\u00fade, j\u00e1 h\u00e1 consenso sobre qual grupo ser\u00e1 vacinado primeiro.<\/p>\n\n\n\n<p>\u201c70% dos \u00f3bitos est\u00e3o associados a pacientes com maior idade e com comorbidades como cardiopatias, diabetes. Al\u00e9m desses pacientes priorit\u00e1rios, temos tamb\u00e9m os profissionais de sa\u00fade\u201d, explica.<\/p>\n\n\n\n<p>O grupo ser\u00e1 formado por 19 pessoas. Ser\u00e3o tr\u00eas representantes da Casa Civil, um do Minist\u00e9rio da Defesa, tr\u00eas do Minist\u00e9rio de Rela\u00e7\u00f5es Exteriores, um do Minist\u00e9rio da Economia, quatro do Minist\u00e9rio da Sa\u00fade, um do Minist\u00e9rio da Ci\u00eancia, Tecnologia e Inova\u00e7\u00f5es; um da Controladoria-Geral da Uni\u00e3o; um do Minist\u00e9rio da Mulher, da Fam\u00edlia e dos Direitos Humanos; um da Subchefia para Assuntos Jur\u00eddicos da Secretaria-Geral da Presid\u00eancia da Rep\u00fablica; dois da Secretaria de Governo da Presid\u00eancia da Rep\u00fablica e um da Ag\u00eancia Nacional de Vigil\u00e2ncia Sanit\u00e1ria. Al\u00e9m desses membros, v\u00e3o participar das reuni\u00f5es, cientistas de institui\u00e7\u00f5es p\u00fablicas ou privadas, mas sem o direito de voto.<\/p>\n\n\n\n<h2 class=\"wp-block-heading\">Vacina\u00e7\u00e3o pode ser obrigat\u00f3ria<\/h2>\n\n\n\n<p>A vacina\u00e7\u00e3o, que ainda n\u00e3o tem previs\u00e3o de data, pode gerar um novo conflito entre o presidente Jair Bolsonaro e os governadores. Desde o come\u00e7o da pandemia, o presidente tem se posicionado contra medidas obrigat\u00f3rias de isolamento social impostas pelos governos locais. Em resposta a um apoiador que pedia a Bolsonaro \u201cn\u00e3o deixa fazer esse neg\u00f3cio de vacina\u201d, o presidente respondeu que \u201cningu\u00e9m pode obrigar ningu\u00e9m a tomar vacina\u201d. Mas, de acordo com a especialista em Direito M\u00e9dico, M\u00e9rces da Silva Nunes, a fala do presidente n\u00e3o representa a realidade.<\/p>\n\n\n\n<p>\u201cSe as autoridades estabelecerem que a vacina \u00e9 compuls\u00f3ria, a popula\u00e7\u00e3o ser\u00e1 obrigada a tom\u00e1-la. E estamos falando, inclusive, de autoridades estaduais. O governo do estado de S\u00e3o Paulo, por exemplo, pode baixar um decreto ou aprovar uma legisla\u00e7\u00e3o definindo que a vacina \u00e9 compuls\u00f3ria. A popula\u00e7\u00e3o vai ter que se submeter\u201d, explica.<\/p>\n\n\n\n<p>Atualmente o Brasil participa de quatro estudos para o desenvolvimento de vacinas. A mais avan\u00e7ada \u00e9 desenvolvida pela Fiocruz, em parceria com a Universidade de Oxford e com a empresa farmac\u00eautica AstraZeneca. J\u00e1 o instituto Butantan trabalha em parceria com a chinesa Sinovac Biotech. Tamb\u00e9m s\u00e3o testadas por aqui as vacinas desenvolvidas pela BioNTech, da Alemanha, e Wyeth\/Pfizer, dos Estados Unidos; e a vacina da Jansen-Cilag, unidade farmac\u00eautica da Johnson &amp; Johnson.<\/p>\n\n\n\n<p>Fonte: <a href=\"https:\/\/brasil61.com\/noticias\/governo-cria-grupo-de-trabalho-para-gerir-distribuicao-de-vacina-contra-a-covid-19-bras201896\" target=\"_blank\" rel=\"noreferrer noopener\">Brasil 61<\/a><\/p>\n","protected":false},"excerpt":{"rendered":"<p>Com o avan\u00e7o das pesquisas para o desenvolvimento de uma vacina contra o novo coronav\u00edrus,<\/p>\n","protected":false},"author":2,"featured_media":877,"comment_status":"open","ping_status":"open","sticky":false,"template":"","format":"standard","meta":{"footnotes":""},"categories":[13],"tags":[],"class_list":["post-814","post","type-post","status-publish","format-standard","has-post-thumbnail","hentry","category-saude"],"_links":{"self":[{"href":"https:\/\/tvc16.com\/portal\/wp-json\/wp\/v2\/posts\/814","targetHints":{"allow":["GET"]}}],"collection":[{"href":"https:\/\/tvc16.com\/portal\/wp-json\/wp\/v2\/posts"}],"about":[{"href":"https:\/\/tvc16.com\/portal\/wp-json\/wp\/v2\/types\/post"}],"author":[{"embeddable":true,"href":"https:\/\/tvc16.com\/portal\/wp-json\/wp\/v2\/users\/2"}],"replies":[{"embeddable":true,"href":"https:\/\/tvc16.com\/portal\/wp-json\/wp\/v2\/comments?post=814"}],"version-history":[{"count":1,"href":"https:\/\/tvc16.com\/portal\/wp-json\/wp\/v2\/posts\/814\/revisions"}],"predecessor-version":[{"id":816,"href":"https:\/\/tvc16.com\/portal\/wp-json\/wp\/v2\/posts\/814\/revisions\/816"}],"wp:featuredmedia":[{"embeddable":true,"href":"https:\/\/tvc16.com\/portal\/wp-json\/wp\/v2\/media\/877"}],"wp:attachment":[{"href":"https:\/\/tvc16.com\/portal\/wp-json\/wp\/v2\/media?parent=814"}],"wp:term":[{"taxonomy":"category","embeddable":true,"href":"https:\/\/tvc16.com\/portal\/wp-json\/wp\/v2\/categories?post=814"},{"taxonomy":"post_tag","embeddable":true,"href":"https:\/\/tvc16.com\/portal\/wp-json\/wp\/v2\/tags?post=814"}],"curies":[{"name":"wp","href":"https:\/\/api.w.org\/{rel}","templated":true}]}}