{"id":8144,"date":"2020-12-13T12:00:16","date_gmt":"2020-12-13T15:00:16","guid":{"rendered":"https:\/\/tvc16.com\/portal\/?p=8144"},"modified":"2020-12-13T12:00:19","modified_gmt":"2020-12-13T15:00:19","slug":"viagem-a-uma-das-sete-maravilhas-de-portugal-mosteiro-dos-jeronimos","status":"publish","type":"post","link":"https:\/\/tvc16.com\/portal\/2020\/12\/13\/viagem-a-uma-das-sete-maravilhas-de-portugal-mosteiro-dos-jeronimos\/","title":{"rendered":"Viagem \u00e0 uma das sete maravilhas de Portugal: Mosteiro dos Jer\u00f3nimos"},"content":{"rendered":"\n<p>*Por Sandra Brito <\/p>\n\n\n\n<p>O Mosteiro dos Jer\u00f3nimos ou Mosteiro de Santa Maria de Bel\u00e9m \u00e9 um mosteiro portugu\u00eas da Ordem de S\u00e3o Jer\u00f3nimo constru\u00eddo no s\u00e9culo XVI. Situa-se na freguesia de Bel\u00e9m, na cidade e concelho de Lisboa. Tem, desde 2016, o estatuto de Pante\u00e3o Nacional.<\/p>\n\n\n\n<figure class=\"wp-block-image size-large\"><img loading=\"lazy\" decoding=\"async\" width=\"1024\" height=\"576\" src=\"https:\/\/tvc16.com\/portal\/wp-content\/uploads\/2020\/12\/IMG-20201213-WA0010-1024x576.jpg\" alt=\"\" class=\"wp-image-8140\" srcset=\"https:\/\/tvc16.com\/portal\/wp-content\/uploads\/2020\/12\/IMG-20201213-WA0010-1024x576.jpg 1024w, https:\/\/tvc16.com\/portal\/wp-content\/uploads\/2020\/12\/IMG-20201213-WA0010-300x169.jpg 300w, https:\/\/tvc16.com\/portal\/wp-content\/uploads\/2020\/12\/IMG-20201213-WA0010-768x432.jpg 768w, https:\/\/tvc16.com\/portal\/wp-content\/uploads\/2020\/12\/IMG-20201213-WA0010.jpg 1280w\" sizes=\"auto, (max-width: 1024px) 100vw, 1024px\" \/><figcaption>Mosteiro dos Jer\u00f3nimos ou Mosteiro de Santa Maria de Bel\u00e9m<\/figcaption><\/figure>\n\n\n\n<p>Ponto culminante da arquitetura manuelina, este Mosteiro \u00e9 o mais not\u00e1vel conjunto mon\u00e1stico portugu\u00eas do seu tempo e uma das principais igrejas-sal\u00e3o da Europa. A sua constru\u00e7\u00e3o iniciou-se, por iniciativa do rei D. Manuel I, no s\u00e9culo XVI e prologou-se por uma centena de anos, tendo sido dirigida por um conjunto not\u00e1vel de arquitetos e artistas pl\u00e1sticos. Os detalhes s\u00e3o de tirar o f\u00f4lego!<\/p>\n\n\n\n<figure class=\"wp-block-image size-large\"><img loading=\"lazy\" decoding=\"async\" width=\"1024\" height=\"576\" src=\"https:\/\/tvc16.com\/portal\/wp-content\/uploads\/2020\/12\/IMG-20201213-WA0011-1024x576.jpg\" alt=\"\" class=\"wp-image-8141\" srcset=\"https:\/\/tvc16.com\/portal\/wp-content\/uploads\/2020\/12\/IMG-20201213-WA0011-1024x576.jpg 1024w, https:\/\/tvc16.com\/portal\/wp-content\/uploads\/2020\/12\/IMG-20201213-WA0011-300x169.jpg 300w, https:\/\/tvc16.com\/portal\/wp-content\/uploads\/2020\/12\/IMG-20201213-WA0011-768x432.jpg 768w, https:\/\/tvc16.com\/portal\/wp-content\/uploads\/2020\/12\/IMG-20201213-WA0011.jpg 1280w\" sizes=\"auto, (max-width: 1024px) 100vw, 1024px\" \/><figcaption>Mosteiro dos Jer\u00f3nimos ou Mosteiro de Santa Maria de Bel\u00e9m<\/figcaption><\/figure>\n\n\n\n<p>O Mosteiro dos Jer\u00f3nimos encontra-se classificado como Monumento Nacional desde 1907 e, em 1983, foi classificado como Patrim\u00f4nio Mundial pela UNESCO. Em 7 de Julho de 2007 foi eleito como uma das sete maravilhas de Portugal.<\/p>\n\n\n\n<figure class=\"wp-block-image size-large\"><img loading=\"lazy\" decoding=\"async\" width=\"1024\" height=\"576\" src=\"https:\/\/tvc16.com\/portal\/wp-content\/uploads\/2020\/12\/IMG-20201213-WA0012-1024x576.jpg\" alt=\"\" class=\"wp-image-8142\" srcset=\"https:\/\/tvc16.com\/portal\/wp-content\/uploads\/2020\/12\/IMG-20201213-WA0012-1024x576.jpg 1024w, https:\/\/tvc16.com\/portal\/wp-content\/uploads\/2020\/12\/IMG-20201213-WA0012-300x169.jpg 300w, https:\/\/tvc16.com\/portal\/wp-content\/uploads\/2020\/12\/IMG-20201213-WA0012-768x432.jpg 768w, https:\/\/tvc16.com\/portal\/wp-content\/uploads\/2020\/12\/IMG-20201213-WA0012.jpg 1280w\" sizes=\"auto, (max-width: 1024px) 100vw, 1024px\" \/><figcaption>Mosteiro dos Jer\u00f3nimos ou Mosteiro de Santa Maria de Bel\u00e9m<\/figcaption><\/figure>\n\n\n\n<p>Estreitamente ligado \u00e0 Casa Real Portuguesa e \u00e0 epopeia dos Descobrimentos, o Mosteiro dos Jer\u00f3nimos foi, desde muito cedo, interiorizado como um dos s\u00edmbolos da na\u00e7\u00e3o. Este \u00e9 um dos bel\u00edssimos \u00e2ngulos que se pode ter do p\u00e1tio interno.<\/p>\n\n\n\n<figure class=\"wp-block-image size-large\"><img loading=\"lazy\" decoding=\"async\" width=\"1024\" height=\"576\" src=\"https:\/\/tvc16.com\/portal\/wp-content\/uploads\/2020\/12\/IMG-20201213-WA0013-1024x576.jpg\" alt=\"\" class=\"wp-image-8145\" srcset=\"https:\/\/tvc16.com\/portal\/wp-content\/uploads\/2020\/12\/IMG-20201213-WA0013-1024x576.jpg 1024w, https:\/\/tvc16.com\/portal\/wp-content\/uploads\/2020\/12\/IMG-20201213-WA0013-300x169.jpg 300w, https:\/\/tvc16.com\/portal\/wp-content\/uploads\/2020\/12\/IMG-20201213-WA0013-768x432.jpg 768w, https:\/\/tvc16.com\/portal\/wp-content\/uploads\/2020\/12\/IMG-20201213-WA0013.jpg 1280w\" sizes=\"auto, (max-width: 1024px) 100vw, 1024px\" \/><figcaption>Mosteiro dos Jer\u00f3nimos ou Mosteiro de Santa Maria de Bel\u00e9m<\/figcaption><\/figure>\n\n\n\n<p>Alexandre Herculano de Carvalho e Ara\u00fajo (Lisboa, 28 de Mar\u00e7o de 1810 \u2014 Santar\u00e9m, 18 de Setembro de 1877) foi um escritor, historiador, jornalista e poeta do Romantismo Portugu\u00eas. Encontra-se sepultado neste Mosteiro, desde 6 de novembro de 1978.<\/p>\n\n\n\n<figure class=\"wp-block-image size-large\"><img loading=\"lazy\" decoding=\"async\" width=\"1024\" height=\"576\" src=\"https:\/\/tvc16.com\/portal\/wp-content\/uploads\/2020\/12\/IMG-20201213-WA0014-1024x576.jpg\" alt=\"\" class=\"wp-image-8146\" srcset=\"https:\/\/tvc16.com\/portal\/wp-content\/uploads\/2020\/12\/IMG-20201213-WA0014-1024x576.jpg 1024w, https:\/\/tvc16.com\/portal\/wp-content\/uploads\/2020\/12\/IMG-20201213-WA0014-300x169.jpg 300w, https:\/\/tvc16.com\/portal\/wp-content\/uploads\/2020\/12\/IMG-20201213-WA0014-768x432.jpg 768w, https:\/\/tvc16.com\/portal\/wp-content\/uploads\/2020\/12\/IMG-20201213-WA0014.jpg 1280w\" sizes=\"auto, (max-width: 1024px) 100vw, 1024px\" \/><figcaption>Alexandre Herculano de Carvalho e Ara\u00fajo<\/figcaption><\/figure>\n\n\n\n<p>Em 1877, querendo agradecer a visita que o Imperador do Brasil, D. Pedro II, lhe fizera em Vale de Lobos, desloca-se a Lisboa, de onde regressa doente, vindo a morrer com uma pneumonia no dia 13 de Setembro. Ficou anteriormente sepultado no adro da igreja de Az\u00f3ia de Baixo.<\/p>\n\n\n\n<figure class=\"wp-block-image size-large\"><img loading=\"lazy\" decoding=\"async\" width=\"769\" height=\"1024\" src=\"https:\/\/tvc16.com\/portal\/wp-content\/uploads\/2020\/12\/IMG-20201213-WA0015-769x1024.jpg\" alt=\"\" class=\"wp-image-8147\" srcset=\"https:\/\/tvc16.com\/portal\/wp-content\/uploads\/2020\/12\/IMG-20201213-WA0015-769x1024.jpg 769w, https:\/\/tvc16.com\/portal\/wp-content\/uploads\/2020\/12\/IMG-20201213-WA0015-225x300.jpg 225w, https:\/\/tvc16.com\/portal\/wp-content\/uploads\/2020\/12\/IMG-20201213-WA0015-768x1023.jpg 768w, https:\/\/tvc16.com\/portal\/wp-content\/uploads\/2020\/12\/IMG-20201213-WA0015.jpg 961w\" sizes=\"auto, (max-width: 769px) 100vw, 769px\" \/><figcaption>Sala do Mosteiro onde est\u00e1 o mausol\u00e9u de Herculano <\/figcaption><\/figure>\n\n\n\n<p><br>Esta \u00e9 a bel\u00edssima sala do Mosteiro, onde se encontra o corpo de Herculano. Recomendo a visita, a fim de despertar a curiosidade acerca deste grandioso autor, muitas vezes negligenciado por nossa cultura.<\/p>\n\n\n\n<figure class=\"wp-block-image size-large\"><img loading=\"lazy\" decoding=\"async\" width=\"1024\" height=\"576\" src=\"https:\/\/tvc16.com\/portal\/wp-content\/uploads\/2020\/12\/IMG-20201213-WA0016-1024x576.jpg\" alt=\"\" class=\"wp-image-8148\" srcset=\"https:\/\/tvc16.com\/portal\/wp-content\/uploads\/2020\/12\/IMG-20201213-WA0016-1024x576.jpg 1024w, https:\/\/tvc16.com\/portal\/wp-content\/uploads\/2020\/12\/IMG-20201213-WA0016-300x169.jpg 300w, https:\/\/tvc16.com\/portal\/wp-content\/uploads\/2020\/12\/IMG-20201213-WA0016-768x432.jpg 768w, https:\/\/tvc16.com\/portal\/wp-content\/uploads\/2020\/12\/IMG-20201213-WA0016.jpg 1280w\" sizes=\"auto, (max-width: 1024px) 100vw, 1024px\" \/><figcaption>Detalhes da bel\u00edssima arquitetura que fascinam nossos olhos.<\/figcaption><\/figure>\n\n\n\n<p><br>Fernando Ant\u00f3nio Nogueira Pessoa (Lisboa, 13 de junho de 1888 \u2014 Lisboa, 30 de novembro de 1935), foi um poeta, fil\u00f3sofo, dramaturgo, ensa\u00edsta, tradutor, publicit\u00e1rio, astr\u00f3logo, inventor, empres\u00e1rio, correspondente comercial, cr\u00edtico liter\u00e1rio e comentarista pol\u00edtico portugu\u00eas. O corpo do poeta foi transladado em 1985 para o Claustro do Mosteiro dos Jer\u00f3nimos.<\/p>\n\n\n\n<figure class=\"wp-block-image size-large\"><img loading=\"lazy\" decoding=\"async\" width=\"576\" height=\"1024\" src=\"https:\/\/tvc16.com\/portal\/wp-content\/uploads\/2020\/12\/IMG-20201213-WA0017-576x1024.jpg\" alt=\"\" class=\"wp-image-8149\" srcset=\"https:\/\/tvc16.com\/portal\/wp-content\/uploads\/2020\/12\/IMG-20201213-WA0017-576x1024.jpg 576w, https:\/\/tvc16.com\/portal\/wp-content\/uploads\/2020\/12\/IMG-20201213-WA0017-169x300.jpg 169w, https:\/\/tvc16.com\/portal\/wp-content\/uploads\/2020\/12\/IMG-20201213-WA0017.jpg 720w\" sizes=\"auto, (max-width: 576px) 100vw, 576px\" \/><figcaption>Mausol\u00e9u de Fernando Pessoa no Mosteiro dos Jer\u00f3nimos<\/figcaption><\/figure>\n\n\n\n<figure class=\"wp-block-image size-large\"><img loading=\"lazy\" decoding=\"async\" width=\"1024\" height=\"576\" src=\"https:\/\/tvc16.com\/portal\/wp-content\/uploads\/2020\/12\/IMG-20201213-WA0018-1024x576.jpg\" alt=\"\" class=\"wp-image-8150\" srcset=\"https:\/\/tvc16.com\/portal\/wp-content\/uploads\/2020\/12\/IMG-20201213-WA0018-1024x576.jpg 1024w, https:\/\/tvc16.com\/portal\/wp-content\/uploads\/2020\/12\/IMG-20201213-WA0018-300x169.jpg 300w, https:\/\/tvc16.com\/portal\/wp-content\/uploads\/2020\/12\/IMG-20201213-WA0018-768x432.jpg 768w, https:\/\/tvc16.com\/portal\/wp-content\/uploads\/2020\/12\/IMG-20201213-WA0018.jpg 1280w\" sizes=\"auto, (max-width: 1024px) 100vw, 1024px\" \/><\/figure>\n\n\n\n<figure class=\"wp-block-image size-large\"><img loading=\"lazy\" decoding=\"async\" width=\"1024\" height=\"576\" src=\"https:\/\/tvc16.com\/portal\/wp-content\/uploads\/2020\/12\/IMG-20201213-WA0019-1024x576.jpg\" alt=\"\" class=\"wp-image-8151\" srcset=\"https:\/\/tvc16.com\/portal\/wp-content\/uploads\/2020\/12\/IMG-20201213-WA0019-1024x576.jpg 1024w, https:\/\/tvc16.com\/portal\/wp-content\/uploads\/2020\/12\/IMG-20201213-WA0019-300x169.jpg 300w, https:\/\/tvc16.com\/portal\/wp-content\/uploads\/2020\/12\/IMG-20201213-WA0019-768x432.jpg 768w, https:\/\/tvc16.com\/portal\/wp-content\/uploads\/2020\/12\/IMG-20201213-WA0019.jpg 1280w\" sizes=\"auto, (max-width: 1024px) 100vw, 1024px\" \/><\/figure>\n\n\n\n<p>Em 1880, as ossadas de Vasco da Gama e do poeta Lu\u00eds de Cam\u00f5es foram trasladadas para o Mosteiro dos Jer\u00f3nimos. Os seus t\u00famulos, da autoria do escultor Costa Mota tio, encontram-se no sob-coro da igreja. Vasco da Gama (do lado norte) e Lu\u00eds de Cam\u00f5es (do lado sul) foram os dois representantes m\u00e1ximos da epopeia lus\u00edada, que mereceram a honra de repousar ao lado de reis.<\/p>\n\n\n\n<figure class=\"wp-block-image size-large\"><img loading=\"lazy\" decoding=\"async\" width=\"1024\" height=\"576\" src=\"https:\/\/tvc16.com\/portal\/wp-content\/uploads\/2020\/12\/IMG-20201213-WA0020-1024x576.jpg\" alt=\"\" class=\"wp-image-8152\" srcset=\"https:\/\/tvc16.com\/portal\/wp-content\/uploads\/2020\/12\/IMG-20201213-WA0020-1024x576.jpg 1024w, https:\/\/tvc16.com\/portal\/wp-content\/uploads\/2020\/12\/IMG-20201213-WA0020-300x169.jpg 300w, https:\/\/tvc16.com\/portal\/wp-content\/uploads\/2020\/12\/IMG-20201213-WA0020-768x432.jpg 768w, https:\/\/tvc16.com\/portal\/wp-content\/uploads\/2020\/12\/IMG-20201213-WA0020.jpg 1280w\" sizes=\"auto, (max-width: 1024px) 100vw, 1024px\" \/><figcaption>Mausol\u00e9u Vasco da Gama &#8211; Mosteiro dos Jer\u00f3nimos<\/figcaption><\/figure>\n\n\n\n<figure class=\"wp-block-image size-large\"><img loading=\"lazy\" decoding=\"async\" width=\"1024\" height=\"769\" src=\"https:\/\/tvc16.com\/portal\/wp-content\/uploads\/2020\/12\/IMG-20201213-WA0021-1-1024x769.jpg\" alt=\"\" class=\"wp-image-8154\" srcset=\"https:\/\/tvc16.com\/portal\/wp-content\/uploads\/2020\/12\/IMG-20201213-WA0021-1-1024x769.jpg 1024w, https:\/\/tvc16.com\/portal\/wp-content\/uploads\/2020\/12\/IMG-20201213-WA0021-1-300x225.jpg 300w, https:\/\/tvc16.com\/portal\/wp-content\/uploads\/2020\/12\/IMG-20201213-WA0021-1-768x577.jpg 768w, https:\/\/tvc16.com\/portal\/wp-content\/uploads\/2020\/12\/IMG-20201213-WA0021-1-200x150.jpg 200w, https:\/\/tvc16.com\/portal\/wp-content\/uploads\/2020\/12\/IMG-20201213-WA0021-1.jpg 1280w\" sizes=\"auto, (max-width: 1024px) 100vw, 1024px\" \/><figcaption>Sandra Brito, escritora e professora &#8211; mausol\u00e9u  Lu\u00eds de Cam\u00f5es<\/figcaption><\/figure>\n\n\n\n<p><br>*Sandra Brito: Instagram: @sandrabb13 e Youtube: www.youtube.com\/c\/SandraBritoWriterTraveller<\/p>\n","protected":false},"excerpt":{"rendered":"<p>*Por Sandra Brito O Mosteiro dos Jer\u00f3nimos ou Mosteiro de Santa Maria de Bel\u00e9m \u00e9<\/p>\n","protected":false},"author":2,"featured_media":8142,"comment_status":"open","ping_status":"open","sticky":false,"template":"","format":"standard","meta":{"footnotes":""},"categories":[16],"tags":[],"class_list":["post-8144","post","type-post","status-publish","format-standard","has-post-thumbnail","hentry","category-colunistas"],"_links":{"self":[{"href":"https:\/\/tvc16.com\/portal\/wp-json\/wp\/v2\/posts\/8144","targetHints":{"allow":["GET"]}}],"collection":[{"href":"https:\/\/tvc16.com\/portal\/wp-json\/wp\/v2\/posts"}],"about":[{"href":"https:\/\/tvc16.com\/portal\/wp-json\/wp\/v2\/types\/post"}],"author":[{"embeddable":true,"href":"https:\/\/tvc16.com\/portal\/wp-json\/wp\/v2\/users\/2"}],"replies":[{"embeddable":true,"href":"https:\/\/tvc16.com\/portal\/wp-json\/wp\/v2\/comments?post=8144"}],"version-history":[{"count":1,"href":"https:\/\/tvc16.com\/portal\/wp-json\/wp\/v2\/posts\/8144\/revisions"}],"predecessor-version":[{"id":8155,"href":"https:\/\/tvc16.com\/portal\/wp-json\/wp\/v2\/posts\/8144\/revisions\/8155"}],"wp:featuredmedia":[{"embeddable":true,"href":"https:\/\/tvc16.com\/portal\/wp-json\/wp\/v2\/media\/8142"}],"wp:attachment":[{"href":"https:\/\/tvc16.com\/portal\/wp-json\/wp\/v2\/media?parent=8144"}],"wp:term":[{"taxonomy":"category","embeddable":true,"href":"https:\/\/tvc16.com\/portal\/wp-json\/wp\/v2\/categories?post=8144"},{"taxonomy":"post_tag","embeddable":true,"href":"https:\/\/tvc16.com\/portal\/wp-json\/wp\/v2\/tags?post=8144"}],"curies":[{"name":"wp","href":"https:\/\/api.w.org\/{rel}","templated":true}]}}