{"id":8160,"date":"2020-12-13T14:27:42","date_gmt":"2020-12-13T17:27:42","guid":{"rendered":"https:\/\/tvc16.com\/portal\/?p=8160"},"modified":"2020-12-13T14:27:44","modified_gmt":"2020-12-13T17:27:44","slug":"governador-em-exerciciodo-rj-participa-de-inauguracao-do-memorial-do-holocausto","status":"publish","type":"post","link":"https:\/\/tvc16.com\/portal\/2020\/12\/13\/governador-em-exerciciodo-rj-participa-de-inauguracao-do-memorial-do-holocausto\/","title":{"rendered":"Governador em exerc\u00edcio,do RJ, participa de inaugura\u00e7\u00e3o do Memorial do Holocausto"},"content":{"rendered":"\n<p>O governador em exerc\u00edcio, Cl\u00e1udio Castro, participou, na manh\u00e3 deste domingo (13\/12), da inaugura\u00e7\u00e3o do Monumento em Mem\u00f3ria \u00e0s V\u00edtimas do Holocausto, no Parque Yitzhak Rabin, no Morro do Pasmado, em Botafogo. O espa\u00e7o, que homenageia os 6 milh\u00f5es de judeus assassinados na Segunda Guerra Mundial e todas as outras v\u00edtimas do regime nazista, ter\u00e1 uma exposi\u00e7\u00e3o de longa dura\u00e7\u00e3o e exposi\u00e7\u00f5es tempor\u00e1rias, que ser\u00e3o abertas no ano que vem. O idealizador do Memorial foi o ent\u00e3o vereador Gerson Bergher, j\u00e1 falecido, e que foi homenageado durante o evento.<\/p>\n\n\n\n<figure class=\"wp-block-image size-large\"><img loading=\"lazy\" decoding=\"async\" width=\"1024\" height=\"683\" src=\"https:\/\/tvc16.com\/portal\/wp-content\/uploads\/2020\/12\/RC_Memorial-Holocausto_BX_43-2-1024x683.jpg\" alt=\"\" class=\"wp-image-8163\" srcset=\"https:\/\/tvc16.com\/portal\/wp-content\/uploads\/2020\/12\/RC_Memorial-Holocausto_BX_43-2-1024x683.jpg 1024w, https:\/\/tvc16.com\/portal\/wp-content\/uploads\/2020\/12\/RC_Memorial-Holocausto_BX_43-2-300x200.jpg 300w, https:\/\/tvc16.com\/portal\/wp-content\/uploads\/2020\/12\/RC_Memorial-Holocausto_BX_43-2-768x512.jpg 768w\" sizes=\"auto, (max-width: 1024px) 100vw, 1024px\" \/><figcaption>Rio de Janeiro &#8211; RJ &#8211; 13\/12\/2020 &#8211;  O Governador em exerc\u00edcio Cl\u00e1udio Castro participa da inaugura\u00e7\u00e3o do Memorial das v\u00edtimas do Holocausto.<\/figcaption><\/figure>\n\n\n\n<p>&#8211; A inaugura\u00e7\u00e3o deste monumento passa uma importante mensagem de respeito, amor, e toler\u00e2ncia, que \u00e9 fundamental para a sociedade atual. Este discurso de polariza\u00e7\u00e3o que \u00e9 visto no mundo inteiro, principalmente na internet, gera \u00f3dio. E a hist\u00f3ria mostra onde isto pode chegar. Temos que recuperar a capacidade do di\u00e1logo &#8211; afirmou Cl\u00e1udio Castro, antes de destacar que o espa\u00e7o vai receber estudantes da rede p\u00fablica para aulas de Hist\u00f3ria.<\/p>\n\n\n\n<figure class=\"wp-block-image size-large\"><img loading=\"lazy\" decoding=\"async\" width=\"1024\" height=\"677\" src=\"https:\/\/tvc16.com\/portal\/wp-content\/uploads\/2020\/12\/20201213_142415-1024x677.jpg\" alt=\"\" class=\"wp-image-8164\" srcset=\"https:\/\/tvc16.com\/portal\/wp-content\/uploads\/2020\/12\/20201213_142415-1024x677.jpg 1024w, https:\/\/tvc16.com\/portal\/wp-content\/uploads\/2020\/12\/20201213_142415-300x198.jpg 300w, https:\/\/tvc16.com\/portal\/wp-content\/uploads\/2020\/12\/20201213_142415-768x508.jpg 768w, https:\/\/tvc16.com\/portal\/wp-content\/uploads\/2020\/12\/20201213_142415.jpg 1080w\" sizes=\"auto, (max-width: 1024px) 100vw, 1024px\" \/><\/figure>\n\n\n\n<p>A celebra\u00e7\u00e3o foi iniciada com uma ora\u00e7\u00e3o realizada pelo rabino Sergio Margules e respeitou um minuto de sil\u00eancio em mem\u00f3ria ao banqueiro rec\u00e9m-falecido Joseph Safra, um dos patronos do memorial, assim como o presidente da Multiplan, Jos\u00e9 Isaac Peres, que esteve presente e discursou, e o presidente da Cyrela, Elie Horn, que participou atrav\u00e9s de videoconfer\u00eancia. O monumento \u00e9 uma parceria entre a prefeitura da cidade do Rio de Janeiro com a iniciativa privada.<\/p>\n\n\n\n<p>O presidente do Supremo Tribunal Federal, ministro Luiz Fux, participou da cerim\u00f4nia e destacou a Constitui\u00e7\u00e3o Brasileira, que garante a todos o direito \u00e0 vida.<\/p>\n\n\n\n<p>&#8211; O maior perigo da humanidade \u00e9 a indiferen\u00e7a. N\u00e3o lembrar do holocausto \u00e9 matar todas as pessoas novamente &#8211; afirmou Fux.<\/p>\n\n\n\n<p>O secret\u00e1rio especial de comunica\u00e7\u00e3o da presid\u00eancia, F\u00e1bio Wajngarten, representou o presidente Jair Bolsonaro no evento, que contou com a participa\u00e7\u00e3o do embaixador de Israel no Brasil, Yossi Shelley.<\/p>\n\n\n\n<p>&#8211; Fiz quest\u00e3o de trazer a minha filha, pois n\u00e3o podemos esquecer das atrocidades da Alemanha nazista &#8211; afirmou Wajngarten, na mesma linha do embaixador. &#8211; O tempo passa e muitos podem esquecer o que foi o holocausto &#8211; disse Shelley.<\/p>\n\n\n\n<p>O presidente da Associa\u00e7\u00e3o Cultural Memorial do Holocausto, Alberto Klein, ressaltou:<\/p>\n\n\n\n<p>&#8211; O memorial n\u00e3o \u00e9 s\u00f3 para o povo judeu, e sim para toda a sociedade.<\/p>\n\n\n\n<p>O prefeito Marcelo Crivella finalizou o evento.<\/p>\n\n\n\n<p>&#8211; Aqui se construir\u00e1 no cora\u00e7\u00e3o de cada visitante um sentimento de rep\u00fadio \u00e0 viol\u00eancia e \u00e0 covardia e tamb\u00e9m um altar para celebrar a vit\u00f3ria sobre o holocausto, o triunfo dos homens livres &#8211; declarou Crivella.<\/p>\n\n\n\n<p>O primeiro-ministro de Israel, Benjamin Netanyahu, enviou um v\u00eddeo especialmente para a celebra\u00e7\u00e3o de inaugura\u00e7\u00e3o, que tamb\u00e9m contou com a presen\u00e7a do ministro do Superior Tribunal de Justi\u00e7a (STJ), Joel Ilan Paciornik, e do ministro das Minas e Energia, Bento Albuquerque.<\/p>\n\n\n\n<p><strong>Fotos:<\/strong> Rafael Campos<\/p>\n","protected":false},"excerpt":{"rendered":"<p>O governador em exerc\u00edcio, Cl\u00e1udio Castro, participou, na manh\u00e3 deste domingo (13\/12), da inaugura\u00e7\u00e3o do<\/p>\n","protected":false},"author":2,"featured_media":8157,"comment_status":"open","ping_status":"open","sticky":false,"template":"","format":"standard","meta":{"footnotes":""},"categories":[17],"tags":[],"class_list":["post-8160","post","type-post","status-publish","format-standard","has-post-thumbnail","hentry","category-outras-noticias"],"_links":{"self":[{"href":"https:\/\/tvc16.com\/portal\/wp-json\/wp\/v2\/posts\/8160","targetHints":{"allow":["GET"]}}],"collection":[{"href":"https:\/\/tvc16.com\/portal\/wp-json\/wp\/v2\/posts"}],"about":[{"href":"https:\/\/tvc16.com\/portal\/wp-json\/wp\/v2\/types\/post"}],"author":[{"embeddable":true,"href":"https:\/\/tvc16.com\/portal\/wp-json\/wp\/v2\/users\/2"}],"replies":[{"embeddable":true,"href":"https:\/\/tvc16.com\/portal\/wp-json\/wp\/v2\/comments?post=8160"}],"version-history":[{"count":1,"href":"https:\/\/tvc16.com\/portal\/wp-json\/wp\/v2\/posts\/8160\/revisions"}],"predecessor-version":[{"id":8165,"href":"https:\/\/tvc16.com\/portal\/wp-json\/wp\/v2\/posts\/8160\/revisions\/8165"}],"wp:featuredmedia":[{"embeddable":true,"href":"https:\/\/tvc16.com\/portal\/wp-json\/wp\/v2\/media\/8157"}],"wp:attachment":[{"href":"https:\/\/tvc16.com\/portal\/wp-json\/wp\/v2\/media?parent=8160"}],"wp:term":[{"taxonomy":"category","embeddable":true,"href":"https:\/\/tvc16.com\/portal\/wp-json\/wp\/v2\/categories?post=8160"},{"taxonomy":"post_tag","embeddable":true,"href":"https:\/\/tvc16.com\/portal\/wp-json\/wp\/v2\/tags?post=8160"}],"curies":[{"name":"wp","href":"https:\/\/api.w.org\/{rel}","templated":true}]}}