{"id":8171,"date":"2020-12-13T20:35:28","date_gmt":"2020-12-13T23:35:28","guid":{"rendered":"https:\/\/tvc16.com\/portal\/?p=8171"},"modified":"2020-12-13T20:38:32","modified_gmt":"2020-12-13T23:38:32","slug":"frente-nacional-antirracista-ganha-apoio-da-volvo","status":"publish","type":"post","link":"https:\/\/tvc16.com\/portal\/2020\/12\/13\/frente-nacional-antirracista-ganha-apoio-da-volvo\/","title":{"rendered":"Frente Nacional Antirracista ganha apoio da Volvo"},"content":{"rendered":"\n<p><em>Montadora multinacional se encontrar\u00e1 com membros das institui\u00e7\u00f5es que comp\u00f5e a FNA (Frente Nacional Antirracista) para definir como apoiar a agenda<\/em><\/p>\n\n\n\n<p>A Frente Nacional Antirracista ganhou mais uma grande parceira. A montadora multinacional Volvo ir\u00e1 definir junto com as organiza\u00e7\u00f5es as formas de apoio.<\/p>\n\n\n\n<figure class=\"wp-block-image size-large\"><img loading=\"lazy\" decoding=\"async\" width=\"1024\" height=\"1024\" src=\"https:\/\/tvc16.com\/portal\/wp-content\/uploads\/2020\/12\/EDUCAFRO-frente-nacional-antirrascista-1024x1024.jpg\" alt=\"\" class=\"wp-image-8172\" srcset=\"https:\/\/tvc16.com\/portal\/wp-content\/uploads\/2020\/12\/EDUCAFRO-frente-nacional-antirrascista-1024x1024.jpg 1024w, https:\/\/tvc16.com\/portal\/wp-content\/uploads\/2020\/12\/EDUCAFRO-frente-nacional-antirrascista-300x300.jpg 300w, https:\/\/tvc16.com\/portal\/wp-content\/uploads\/2020\/12\/EDUCAFRO-frente-nacional-antirrascista-150x150.jpg 150w, https:\/\/tvc16.com\/portal\/wp-content\/uploads\/2020\/12\/EDUCAFRO-frente-nacional-antirrascista-768x768.jpg 768w, https:\/\/tvc16.com\/portal\/wp-content\/uploads\/2020\/12\/EDUCAFRO-frente-nacional-antirrascista.jpg 1200w\" sizes=\"auto, (max-width: 1024px) 100vw, 1024px\" \/><\/figure>\n\n\n\n<p>A organiza\u00e7\u00e3o j\u00e1 teve reuni\u00f5es com o presidente da C\u00e2mara do Deputados, Rodrigo Maia, e foi recebida na Federa\u00e7\u00e3o das Ind\u00fastrias do Estado de S\u00e3o Paulo (Fiesp).<\/p>\n\n\n\n<p>O intuito da organiza\u00e7\u00e3o \u00e9 pautar empresas, institui\u00e7\u00f5es e at\u00e9 o Poder P\u00fablico, com medidas e pol\u00edticas que combatam o preconceito racial e de classe em todas as esferas.<\/p>\n\n\n\n<p>\u201cEstamos muito felizes que temos tido aceita\u00e7\u00e3o em v\u00e1rias esferas. Essa luta \u00e9 de todos. Com certeza ser\u00e1 um grande ganho ter uma empresa do tamanho da Volvo, junto com a nossa causa\u201d, comemorou Edimara Celly , uma das lideran\u00e7as do grupo.<\/p>\n","protected":false},"excerpt":{"rendered":"<p>Montadora multinacional se encontrar\u00e1 com membros das institui\u00e7\u00f5es que comp\u00f5e a FNA (Frente Nacional Antirracista)<\/p>\n","protected":false},"author":2,"featured_media":8175,"comment_status":"open","ping_status":"open","sticky":false,"template":"","format":"standard","meta":{"footnotes":""},"categories":[17],"tags":[],"class_list":["post-8171","post","type-post","status-publish","format-standard","has-post-thumbnail","hentry","category-outras-noticias"],"_links":{"self":[{"href":"https:\/\/tvc16.com\/portal\/wp-json\/wp\/v2\/posts\/8171","targetHints":{"allow":["GET"]}}],"collection":[{"href":"https:\/\/tvc16.com\/portal\/wp-json\/wp\/v2\/posts"}],"about":[{"href":"https:\/\/tvc16.com\/portal\/wp-json\/wp\/v2\/types\/post"}],"author":[{"embeddable":true,"href":"https:\/\/tvc16.com\/portal\/wp-json\/wp\/v2\/users\/2"}],"replies":[{"embeddable":true,"href":"https:\/\/tvc16.com\/portal\/wp-json\/wp\/v2\/comments?post=8171"}],"version-history":[{"count":1,"href":"https:\/\/tvc16.com\/portal\/wp-json\/wp\/v2\/posts\/8171\/revisions"}],"predecessor-version":[{"id":8174,"href":"https:\/\/tvc16.com\/portal\/wp-json\/wp\/v2\/posts\/8171\/revisions\/8174"}],"wp:featuredmedia":[{"embeddable":true,"href":"https:\/\/tvc16.com\/portal\/wp-json\/wp\/v2\/media\/8175"}],"wp:attachment":[{"href":"https:\/\/tvc16.com\/portal\/wp-json\/wp\/v2\/media?parent=8171"}],"wp:term":[{"taxonomy":"category","embeddable":true,"href":"https:\/\/tvc16.com\/portal\/wp-json\/wp\/v2\/categories?post=8171"},{"taxonomy":"post_tag","embeddable":true,"href":"https:\/\/tvc16.com\/portal\/wp-json\/wp\/v2\/tags?post=8171"}],"curies":[{"name":"wp","href":"https:\/\/api.w.org\/{rel}","templated":true}]}}