{"id":8180,"date":"2020-12-13T23:06:54","date_gmt":"2020-12-14T02:06:54","guid":{"rendered":"https:\/\/tvc16.com\/portal\/?p=8180"},"modified":"2020-12-13T23:06:57","modified_gmt":"2020-12-14T02:06:57","slug":"brasil-acumula-1814-mil-mortes-e-69-milhoes-de-casos-de-covid-19","status":"publish","type":"post","link":"https:\/\/tvc16.com\/portal\/2020\/12\/13\/brasil-acumula-1814-mil-mortes-e-69-milhoes-de-casos-de-covid-19\/","title":{"rendered":"Brasil acumula 181,4 mil mortes e 6,9 milh\u00f5es de casos de covid-19"},"content":{"rendered":"\n<h3 class=\"wp-block-heading\">At\u00e9 o momento, 5,98 milh\u00f5es de brasileiros j\u00e1 se recuperaram da doen\u00e7a<\/h3>\n\n\n\n<p>Os casos de pessoas infectadas no Brasil pelo novo coronav\u00edrus ao longo da pandemia ultrapassaram a marca de 6,9 milh\u00f5es. Nas \u00faltimas 24 horas, as autoridades de sa\u00fade notificaram 21.825 novos diagn\u00f3sticos positivos para a covid-19, totalizando 6.901.952.&nbsp;Ontem&nbsp;(12), o painel de informa\u00e7\u00f5es marcava 6.880.127 casos acumulados.<img decoding=\"async\" src=\"https:\/\/agenciabrasil.ebc.com.br\/ebc.png?id=1396336&amp;o=node\"><img decoding=\"async\" src=\"https:\/\/agenciabrasil.ebc.com.br\/ebc.gif?id=1396336&amp;o=node\"><\/p>\n\n\n\n<p>Ainda de acordo com a atualiza\u00e7\u00e3o do Minist\u00e9rio da Sa\u00fade, as mortes por covid-19 chegaram a 181.402. Nas \u00faltimas 24 horas, foram registradas 279 mortes.&nbsp;Ontem, o painel de estat\u00edsticas marcava 181.123 \u00f3bitos.<\/p>\n\n\n\n<p>O balan\u00e7o apontou tamb\u00e9m 737.597 pacientes em acompanhamento. Outros 5.982.953 j\u00e1 se recuperaram da doen\u00e7a.<\/p>\n\n\n\n<h2 class=\"wp-block-heading\">Covid-19 nos estados<\/h2>\n\n\n\n<p>Os estados com mais mortes s\u00e3o S\u00e3o Paulo (44.018), Rio&nbsp;de Janeiro&nbsp;(23.722), Minas Gerais (10.701), Cear\u00e1 (9.784) e Pernambuco (9.284).<\/p>\n\n\n\n<p>As unidades da federa\u00e7\u00e3o com menos \u00f3bitos s\u00e3o Acre (750), Roraima (755), Amap\u00e1 (849), Tocantins (1.201) e Rond\u00f4nia (1.642).<\/p>\n\n\n\n<p>Por Wellton M\u00e1ximo \u2013 Rep\u00f3rter da Ag\u00eancia Brasil &#8211; Bras\u00edlia<\/p>\n\n\n\n<p>Edi\u00e7\u00e3o: Denise Griesinger<\/p>\n","protected":false},"excerpt":{"rendered":"<p>At\u00e9 o momento, 5,98 milh\u00f5es de brasileiros j\u00e1 se recuperaram da doen\u00e7a Os casos de<\/p>\n","protected":false},"author":2,"featured_media":8181,"comment_status":"open","ping_status":"open","sticky":false,"template":"","format":"standard","meta":{"footnotes":""},"categories":[17],"tags":[],"class_list":["post-8180","post","type-post","status-publish","format-standard","has-post-thumbnail","hentry","category-outras-noticias"],"_links":{"self":[{"href":"https:\/\/tvc16.com\/portal\/wp-json\/wp\/v2\/posts\/8180","targetHints":{"allow":["GET"]}}],"collection":[{"href":"https:\/\/tvc16.com\/portal\/wp-json\/wp\/v2\/posts"}],"about":[{"href":"https:\/\/tvc16.com\/portal\/wp-json\/wp\/v2\/types\/post"}],"author":[{"embeddable":true,"href":"https:\/\/tvc16.com\/portal\/wp-json\/wp\/v2\/users\/2"}],"replies":[{"embeddable":true,"href":"https:\/\/tvc16.com\/portal\/wp-json\/wp\/v2\/comments?post=8180"}],"version-history":[{"count":1,"href":"https:\/\/tvc16.com\/portal\/wp-json\/wp\/v2\/posts\/8180\/revisions"}],"predecessor-version":[{"id":8182,"href":"https:\/\/tvc16.com\/portal\/wp-json\/wp\/v2\/posts\/8180\/revisions\/8182"}],"wp:featuredmedia":[{"embeddable":true,"href":"https:\/\/tvc16.com\/portal\/wp-json\/wp\/v2\/media\/8181"}],"wp:attachment":[{"href":"https:\/\/tvc16.com\/portal\/wp-json\/wp\/v2\/media?parent=8180"}],"wp:term":[{"taxonomy":"category","embeddable":true,"href":"https:\/\/tvc16.com\/portal\/wp-json\/wp\/v2\/categories?post=8180"},{"taxonomy":"post_tag","embeddable":true,"href":"https:\/\/tvc16.com\/portal\/wp-json\/wp\/v2\/tags?post=8180"}],"curies":[{"name":"wp","href":"https:\/\/api.w.org\/{rel}","templated":true}]}}